{"id":109432,"date":"2025-10-13T18:57:21","date_gmt":"2025-10-13T18:57:21","guid":{"rendered":"https:\/\/www.europesays.com\/pt\/109432\/"},"modified":"2025-10-13T18:57:21","modified_gmt":"2025-10-13T18:57:21","slug":"assim-que-saiu-do-secret-story-lidia-correu-para-os-bracos-de-pessoa-especial-dois-as-10","status":"publish","type":"post","link":"https:\/\/www.europesays.com\/pt\/109432\/","title":{"rendered":"Assim que saiu do \u00abSecret Story\u00bb, L\u00eddia correu para os bra\u00e7os de pessoa especial &#8211; Dois \u00e0s 10"},"content":{"rendered":"<p>                        A gala do Secret Story deste domingo, 12 de outubro, ficou marcada por mais uma expuls\u00e3o. L\u00eddia foi a concorrente que saiu da casa mais vigiada do pa\u00eds, j\u00e1 que conquistou apenas 11% dos votos.<\/p>\n<p data-end=\"704\" data-start=\"330\">O momento da expuls\u00e3o foi carregado de emo\u00e7\u00e3o. Quando Cristina Ferreira anunciou o resultado, L\u00eddia e Dylan \u2014 os dois concorrentes menos votados \u2014 abra\u00e7aram-se em l\u00e1grimas. Tamb\u00e9m Leandro n\u00e3o conteve a emo\u00e7\u00e3o e chorou com a sa\u00edda da colega.<br data-end=\"587\" data-start=\"584\"\/> <strong>\u201cAchava que ia sair a Ana, mas a minha esperan\u00e7a era que sa\u00edsse o Dylan\u201d<\/strong>, desabafou Leandro, visivelmente comovido.<\/p>\n<p data-end=\"1081\" data-start=\"706\">J\u00e1 no est\u00fadio, L\u00eddia reencontrou a m\u00e3e e n\u00e3o conteve o choro ao abra\u00e7\u00e1-la.\u00a0A tar\u00f3loga e terapeuta espiritual assumiu que o seu jogo foi arriscado:<strong> \u201cEu acredito que este meu jogo de levar e trazer seria arriscado [\u2026] fazia de prop\u00f3sito, mas foi arriscado l\u00e1 dentro e c\u00e1 fora. Podiam interpretar mal, mas era estrat\u00e9gico\u201d,<\/strong> explicou a Cristina Ferreira.<\/p>\n<p data-end=\"1497\" data-start=\"1083\">Mas o momento mais divertido da noite aconteceu logo a seguir, quando Cristina revelou a L\u00eddia o segredo de Marisa.<br data-end=\"1201\" data-start=\"1198\"\/> <strong>\u201cA Marisa tem o marido dentro da casa\u201d<\/strong>, anunciou a apresentadora. A rea\u00e7\u00e3o de L\u00eddia foi imediata<strong>: \u201cN\u00e3o, n\u00e3o tem n\u00e3o!\u201d<\/strong>, gritou, completamente incr\u00e9dula. Quando Cristina revelou quem era o marido, L\u00eddia voltou a reagir de forma hilariante \u2014<strong> \u201cN\u00e3o! N\u00e3o \u00e9 n\u00e3o!\u201d<\/strong> \u2014, deixando o est\u00fadio \u00e0s gargalhadas.<\/p>\n<p data-end=\"1661\" data-start=\"1499\">Depois de uma noite intensa e cheia de emo\u00e7\u00f5es, L\u00eddia despediu-se da casa com a mesma energia com que entrou: entre l\u00e1grimas, risos e uma boa dose de surpresas.\u00a0<\/p>\n<p data-end=\"1661\" data-start=\"1499\">Veja na galeria as imagens que marcam a sa\u00edda de L\u00eddia e o reencontro com a m\u00e3e.<\/p>\n","protected":false},"excerpt":{"rendered":"A gala do Secret Story deste domingo, 12 de outubro, ficou marcada por mais uma expuls\u00e3o. L\u00eddia foi&hellip;\n","protected":false},"author":2,"featured_media":109433,"comment_status":"","ping_status":"","sticky":false,"template":"","format":"standard","meta":{"footnotes":""},"categories":[142],"tags":[329,166,3412,3406,3409,801,3410,3411,3407,3408,114,115,19044,3413,338,32,33,1315,151],"class_list":{"0":"post-109432","1":"post","2":"type-post","3":"status-publish","4":"format-standard","5":"has-post-thumbnail","7":"category-tv","8":"tag-claudio-ramos","9":"tag-cristina-ferreira","10":"tag-dois-10","11":"tag-dois-a-s-10-dois-a-s-10","12":"tag-dois-a-s-dez","13":"tag-dois-as-10","14":"tag-dois-as-dez","15":"tag-dois-dez","16":"tag-doisas10","17":"tag-doisasdez","18":"tag-entertainment","19":"tag-entretenimento","20":"tag-lidia","21":"tag-manha-tvi","22":"tag-maria-botelho-moniz","23":"tag-portugal","24":"tag-pt","25":"tag-secret-story","26":"tag-tv"},"share_on_mastodon":{"url":"","error":""},"_links":{"self":[{"href":"https:\/\/www.europesays.com\/pt\/wp-json\/wp\/v2\/posts\/109432","targetHints":{"allow":["GET"]}}],"collection":[{"href":"https:\/\/www.europesays.com\/pt\/wp-json\/wp\/v2\/posts"}],"about":[{"href":"https:\/\/www.europesays.com\/pt\/wp-json\/wp\/v2\/types\/post"}],"author":[{"embeddable":true,"href":"https:\/\/www.europesays.com\/pt\/wp-json\/wp\/v2\/users\/2"}],"replies":[{"embeddable":true,"href":"https:\/\/www.europesays.com\/pt\/wp-json\/wp\/v2\/comments?post=109432"}],"version-history":[{"count":0,"href":"https:\/\/www.europesays.com\/pt\/wp-json\/wp\/v2\/posts\/109432\/revisions"}],"wp:featuredmedia":[{"embeddable":true,"href":"https:\/\/www.europesays.com\/pt\/wp-json\/wp\/v2\/media\/109433"}],"wp:attachment":[{"href":"https:\/\/www.europesays.com\/pt\/wp-json\/wp\/v2\/media?parent=109432"}],"wp:term":[{"taxonomy":"category","embeddable":true,"href":"https:\/\/www.europesays.com\/pt\/wp-json\/wp\/v2\/categories?post=109432"},{"taxonomy":"post_tag","embeddable":true,"href":"https:\/\/www.europesays.com\/pt\/wp-json\/wp\/v2\/tags?post=109432"}],"curies":[{"name":"wp","href":"https:\/\/api.w.org\/{rel}","templated":true}]}}