{"id":109444,"date":"2025-10-13T19:12:24","date_gmt":"2025-10-13T19:12:24","guid":{"rendered":"https:\/\/www.europesays.com\/pt\/109444\/"},"modified":"2025-10-13T19:12:24","modified_gmt":"2025-10-13T19:12:24","slug":"autarquias-sem-linhas-vermelhas-a-noite-em-que-um-primeiro-ministro-em-funcoes-voltou-a-ganhar-autarquicas-para-o-psd","status":"publish","type":"post","link":"https:\/\/www.europesays.com\/pt\/109444\/","title":{"rendered":"Autarquias sem linhas vermelhas: a noite em que &#8220;um primeiro-ministro em fun\u00e7\u00f5es&#8221; voltou a ganhar aut\u00e1rquicas para o PSD"},"content":{"rendered":"<p>Desta vez sem fugir \u00e0 quest\u00e3o, mas procurando tirar do PSD o \u00f3nus sobre a necessidade de alian\u00e7as em alguns munic\u00edpios em que o PSD venceu, desde logo, no Porto ou em Braga, Lu\u00eds Montenegro foi claro. <strong>\u201cN\u00e3o seremos n\u00f3s a interferir diretamente na gest\u00e3o desses munic\u00edpios, dessas juntas de freguesia\u201d<\/strong>, afirmou o l\u00edder do PSD e primeiro-ministro, no discurso que fez j\u00e1 depois da meia-noite, na sede do PSD-Porto. Por outras palavras, as linhas ca\u00edram.<\/p>\n<p><a href=\"https:\/\/expresso.pt\/subscrever?action=GEN&amp;channel=VID&amp;type=CAP&amp;source=WEB&amp;returnUrl=https:\/\/expresso.pt\/politica\/eleicoes\/autarquicas-2025\/2025-10-13-autarquias-sem-linhas-vermelhas-a-noite-em-que-um-primeiro-ministro-em-funcoes-voltou-a-ganhar-autarquicas-para-o-psd-cfee0263?utm_source\\u003dnewsshowcase\\u0026utm_medium\\u003dgnews\\u0026utm_campaign\\u003dcdaq0535n9cprsr8gloy8i-82m3ivqeqkggaihbacv9lcujmaxkeisb7nb7-khqiciiqwnffswritgszbcege52-_g\\u0026utm_content\\u003drundown\\u0026gaa_at\\u003dg\\u0026gaa_n\\u003daswzdahgedasr2jwfrq56qrdai4yvstv_2zzdt9dtdood-clv7llextcxaf3duliobujnwxs5wzz1qqwwsa=\\u0026gaa_ts\\u003d68ed5c25\\u0026gaa_sig\\u003d7f45wcdjwv1cbhrfod93e7luw1asj3o0il3cmhxksee8t4hc-fwtnycztuobunt5z0m-lepxjbpazp6r1vojsq===&amp;utm_source=expresso&amp;utm_medium=locked_article&amp;locked=true&amp;article_id=150b3ba3-627a-4d13-8a9b-6a5991a9c1ef&amp;author_id=Paula+Caeiro+Varela&amp;category=Aut\u00e1rquicas+2025\" target=\"_self\" class=\"\" rel=\"nofollow noopener\">Subscrever<\/a>J\u00e1 \u00e9 Subscritor?Fa\u00e7a login e continue a ler<a href=\"http:\/\/expresso.pt\/codigo?redirectUrl=https:\/\/expresso.pt\/politica\/eleicoes\/autarquicas-2025\/2025-10-13-autarquias-sem-linhas-vermelhas-a-noite-em-que-um-primeiro-ministro-em-funcoes-voltou-a-ganhar-autarquicas-para-o-psd-cfee0263?utm_source\\u003dnewsshowcase\\u0026utm_medium\\u003dgnews\\u0026utm_campaign\\u003dcdaq0535n9cprsr8gloy8i-82m3ivqeqkggaihbacv9lcujmaxkeisb7nb7-khqiciiqwnffswritgszbcege52-_g\\u0026utm_content\\u003drundown\\u0026gaa_at\\u003dg\\u0026gaa_n\\u003daswzdahgedasr2jwfrq56qrdai4yvstv_2zzdt9dtdood-clv7llextcxaf3duliobujnwxs5wzz1qqwwsa=\\u0026gaa_ts\\u003d68ed5c25\\u0026gaa_sig\\u003d7f45wcdjwv1cbhrfod93e7luw1asj3o0il3cmhxksee8t4hc-fwtnycztuobunt5z0m-lepxjbpazp6r1vojsq===\" target=\"_self\" class=\"\" rel=\"nofollow noopener\">Inserir C\u00f3digo<\/a>Comprou o Expresso?Insira o c\u00f3digo presente na Revista E para continuar a ler<\/p>\n","protected":false},"excerpt":{"rendered":"Desta vez sem fugir \u00e0 quest\u00e3o, mas procurando tirar do PSD o \u00f3nus sobre a necessidade de alian\u00e7as&hellip;\n","protected":false},"author":2,"featured_media":109445,"comment_status":"","ping_status":"","sticky":false,"template":"","format":"standard","meta":{"footnotes":""},"categories":[8],"tags":[27,28,15,16,14,25,26,21,22,12,13,19,20,32,23,24,33,17,18,29,30,31],"class_list":{"0":"post-109444","1":"post","2":"type-post","3":"status-publish","4":"format-standard","5":"has-post-thumbnail","7":"category-principais-noticias","8":"tag-breaking-news","9":"tag-breakingnews","10":"tag-featured-news","11":"tag-featurednews","12":"tag-headlines","13":"tag-latest-news","14":"tag-latestnews","15":"tag-main-news","16":"tag-mainnews","17":"tag-news","18":"tag-noticias","19":"tag-noticias-principais","20":"tag-noticiasprincipais","21":"tag-portugal","22":"tag-principais-noticias","23":"tag-principaisnoticias","24":"tag-pt","25":"tag-top-stories","26":"tag-topstories","27":"tag-ultimas","28":"tag-ultimas-noticias","29":"tag-ultimasnoticias"},"share_on_mastodon":{"url":"","error":""},"_links":{"self":[{"href":"https:\/\/www.europesays.com\/pt\/wp-json\/wp\/v2\/posts\/109444","targetHints":{"allow":["GET"]}}],"collection":[{"href":"https:\/\/www.europesays.com\/pt\/wp-json\/wp\/v2\/posts"}],"about":[{"href":"https:\/\/www.europesays.com\/pt\/wp-json\/wp\/v2\/types\/post"}],"author":[{"embeddable":true,"href":"https:\/\/www.europesays.com\/pt\/wp-json\/wp\/v2\/users\/2"}],"replies":[{"embeddable":true,"href":"https:\/\/www.europesays.com\/pt\/wp-json\/wp\/v2\/comments?post=109444"}],"version-history":[{"count":0,"href":"https:\/\/www.europesays.com\/pt\/wp-json\/wp\/v2\/posts\/109444\/revisions"}],"wp:featuredmedia":[{"embeddable":true,"href":"https:\/\/www.europesays.com\/pt\/wp-json\/wp\/v2\/media\/109445"}],"wp:attachment":[{"href":"https:\/\/www.europesays.com\/pt\/wp-json\/wp\/v2\/media?parent=109444"}],"wp:term":[{"taxonomy":"category","embeddable":true,"href":"https:\/\/www.europesays.com\/pt\/wp-json\/wp\/v2\/categories?post=109444"},{"taxonomy":"post_tag","embeddable":true,"href":"https:\/\/www.europesays.com\/pt\/wp-json\/wp\/v2\/tags?post=109444"}],"curies":[{"name":"wp","href":"https:\/\/api.w.org\/{rel}","templated":true}]}}