{"id":109463,"date":"2025-10-13T19:26:07","date_gmt":"2025-10-13T19:26:07","guid":{"rendered":"https:\/\/www.europesays.com\/pt\/109463\/"},"modified":"2025-10-13T19:26:07","modified_gmt":"2025-10-13T19:26:07","slug":"historico-cabo-verde-no-mundial2026","status":"publish","type":"post","link":"https:\/\/www.europesays.com\/pt\/109463\/","title":{"rendered":"Hist\u00f3rico. Cabo Verde no Mundial2026"},"content":{"rendered":"<p>                    Dailon Livramento, aos 48 minutos, Willy Semedo, aos 54, e Stopira, aos 90+1, marcaram os golos da vit\u00f3ria dos `tubar\u00f5es azuis`, que asseguraram o primeiro lugar do agrupamento, com 23 pontos, mais quatro do que Camar\u00f5es, segundos classificados, que hoje empataram 0-0 na rece\u00e7\u00e3o a Angola.<\/p>\n<p>Na 23.\u00aa edi\u00e7\u00e3o do Mundial de futebol, a disputar entre 11 de junho e 19 de julho de 2026, nos Estados Unidos, no Canad\u00e1 e no M\u00e9xico, Cabo Verde pode tornar-se o mais pequeno pa\u00eds a disputar uma fase final, destronando Trindade e Tobago, e o segundo menos populoso, apenas atr\u00e1s da Isl\u00e2ndia.<\/p>\n<p>A sele\u00e7\u00e3o cabo-verdiana \u00e9 a 19.\u00aa sele\u00e7\u00e3o a assegurar a qualifica\u00e7\u00e3o para o Mundial2026, juntando-se aos anfitri\u00f5es Estados Unidos, Canad\u00e1 e M\u00e9xico.<\/p>\n<p>Cabo Verde \u00e9 o terceiro estreante a assegurar uma vaga entre as 48 sele\u00e7\u00f5es presentes no Mundial2026, juntamente com Jord\u00e2nia e Uzbequist\u00e3o, tornando-se na sexta na\u00e7\u00e3o africana apurada, depois de Marrocos, Tun\u00edsia, Egito, Arg\u00e9lia e Gana.&#13;<\/p>\n","protected":false},"excerpt":{"rendered":"Dailon Livramento, aos 48 minutos, Willy Semedo, aos 54, e Stopira, aos 90+1, marcaram os golos da vit\u00f3ria&hellip;\n","protected":false},"author":2,"featured_media":109464,"comment_status":"","ping_status":"","sticky":false,"template":"","format":"standard","meta":{"footnotes":""},"categories":[8],"tags":[27,28,15,16,14,25,26,21,22,12,13,19,20,32,23,24,33,420,421,17,18,29,30,31],"class_list":{"0":"post-109463","1":"post","2":"type-post","3":"status-publish","4":"format-standard","5":"has-post-thumbnail","7":"category-principais-noticias","8":"tag-breaking-news","9":"tag-breakingnews","10":"tag-featured-news","11":"tag-featurednews","12":"tag-headlines","13":"tag-latest-news","14":"tag-latestnews","15":"tag-main-news","16":"tag-mainnews","17":"tag-news","18":"tag-noticias","19":"tag-noticias-principais","20":"tag-noticiasprincipais","21":"tag-portugal","22":"tag-principais-noticias","23":"tag-principaisnoticias","24":"tag-pt","25":"tag-rtp","26":"tag-rtp-noticias","27":"tag-top-stories","28":"tag-topstories","29":"tag-ultimas","30":"tag-ultimas-noticias","31":"tag-ultimasnoticias"},"share_on_mastodon":{"url":"","error":""},"_links":{"self":[{"href":"https:\/\/www.europesays.com\/pt\/wp-json\/wp\/v2\/posts\/109463","targetHints":{"allow":["GET"]}}],"collection":[{"href":"https:\/\/www.europesays.com\/pt\/wp-json\/wp\/v2\/posts"}],"about":[{"href":"https:\/\/www.europesays.com\/pt\/wp-json\/wp\/v2\/types\/post"}],"author":[{"embeddable":true,"href":"https:\/\/www.europesays.com\/pt\/wp-json\/wp\/v2\/users\/2"}],"replies":[{"embeddable":true,"href":"https:\/\/www.europesays.com\/pt\/wp-json\/wp\/v2\/comments?post=109463"}],"version-history":[{"count":0,"href":"https:\/\/www.europesays.com\/pt\/wp-json\/wp\/v2\/posts\/109463\/revisions"}],"wp:featuredmedia":[{"embeddable":true,"href":"https:\/\/www.europesays.com\/pt\/wp-json\/wp\/v2\/media\/109464"}],"wp:attachment":[{"href":"https:\/\/www.europesays.com\/pt\/wp-json\/wp\/v2\/media?parent=109463"}],"wp:term":[{"taxonomy":"category","embeddable":true,"href":"https:\/\/www.europesays.com\/pt\/wp-json\/wp\/v2\/categories?post=109463"},{"taxonomy":"post_tag","embeddable":true,"href":"https:\/\/www.europesays.com\/pt\/wp-json\/wp\/v2\/tags?post=109463"}],"curies":[{"name":"wp","href":"https:\/\/api.w.org\/{rel}","templated":true}]}}