{"id":109507,"date":"2025-10-13T20:00:30","date_gmt":"2025-10-13T20:00:30","guid":{"rendered":"https:\/\/www.europesays.com\/pt\/109507\/"},"modified":"2025-10-13T20:00:30","modified_gmt":"2025-10-13T20:00:30","slug":"quando-estreia-o-live-action-de-he-man","status":"publish","type":"post","link":"https:\/\/www.europesays.com\/pt\/109507\/","title":{"rendered":"Quando estreia o live action de He-Man?"},"content":{"rendered":"<p>\n\t\t\t\t\t\t\t<a href=\"https:\/\/www.acidadeon.com\/tudoep\/tudo-cult\/viu-essa\/\" rel=\"nofollow noopener\" target=\"_blank\">Viu essa?<\/a>&#13;<\/p>\n<p>Live action de He-Man j\u00e1 conta com data de estreia; veja quando o filme chegar\u00e1 aos cinemas<\/p>\n<p>Um <strong>filme live-action de He-Man <\/strong>est\u00e1 em produ\u00e7\u00e3o. Travis Knight assume a dire\u00e7\u00e3o e <strong>Nicholas Galitzine interpreta o Pr\u00edncipe Adam,<\/strong> protagonista da hist\u00f3ria. O elenco ainda conta com Camila Mendes como Teela, Idris Elba como Mentor, Allison Brie como Maligna, Morena Baccarin no papel da Feiticeira e Jared Leto como o vil\u00e3o Esqueleto.<\/p>\n<p>A produ\u00e7\u00e3o \u00e9 <strong>inspirada na linha de brinquedos da Mattel<\/strong>, Masters of the Universe, que, pouco depois do lan\u00e7amento, deu origem a um desenho animado de sucesso mundial. O personagem He-Man j\u00e1 ganhou uma adapta\u00e7\u00e3o para o cinema em 1987, estrelada por Dolph Lundgren como o Pr\u00edncipe Adam e Frank Langella como o Esqueleto.<\/p>\n<p>Quando estreia o live action de He-Man?<\/p>\n<p>O <strong>live action de He-Man <\/strong>tem previs\u00e3o de estreia para <strong>5 de junho de 2026.<\/strong><\/p>\n<p><strong>LEIA TAMB\u00c9M<\/strong><\/p>\n<p><a href=\"https:\/\/www.acidadeon.com\/tudoep\/tudo-cult\/viu-essa\/vale-tudo-qual-e-o-final-de-marco-aurelio\/\" rel=\"nofollow noopener\" target=\"_blank\">Vale Tudo: qual \u00e9 o final de Marco Aur\u00e9lio?<\/a><\/p>\n<p><a href=\"https:\/\/www.acidadeon.com\/tudoep\/tudo-cult\/viu-essa\/quantos-quilos-perdeu-a-thais-carla\/\" rel=\"nofollow noopener\" target=\"_blank\">Quantos quilos perdeu a Thais Carla?<\/a><\/p>\n<p>Na sinopse, o filme se passa duas d\u00e9cadas ap\u00f3s a <strong>queda do Pr\u00edncipe Adam na Terra.<\/strong> Desta vez, ele \u00e9 transportado de volta ao espa\u00e7o e precisa defender seu planeta natal, Eternia, das amea\u00e7as do Esqueleto.<\/p>\n<p>Antes disso, o her\u00f3i ter\u00e1 de enfrentar seu passado e desvendar mist\u00e9rios que cercam sua hist\u00f3ria.<\/p>\n<p>Confira o teaser j\u00e1 divulgado:<\/p>\n<p><strong>SAIBA ANTES<\/strong><\/p>\n<p>Acompanhe o canal do\u00a0<strong>Tudo EP<\/strong>\u00a0no\u00a0<strong>WhatsApp<\/strong>.<strong><a href=\"https:\/\/whatsapp.com\/channel\/0029VbAUCjqJENy4w7IDBx32\" target=\"_blank\" rel=\"noreferrer noopener nofollow\">\u00a0Clique aqui para acessar!<\/a><\/strong><\/p>\n<p>O Tudo EP \u00e9 o portal de conte\u00fado do Grupo EP que conecta voc\u00ea \u00e0s principais not\u00edcias, tend\u00eancias e curiosidades do momento. Aqui, voc\u00ea encontra informa\u00e7\u00e3o de qualidade, com credibilidade e linguagem acess\u00edvel, sobre temas que fazem parte do seu dia a dia: sa\u00fade, cultura, economia, inova\u00e7\u00e3o, games, entretenimento, viagens, pets, gastronomia e muito mais.<\/p>\n<p>Nosso conte\u00fado \u00e9 produzido por uma equipe de jornalistas experientes e tamb\u00e9m re\u00fane mat\u00e9rias de ve\u00edculos parceiros como os portais regionais ACidade ON e as r\u00e1dios CBN, garantindo uma cobertura ampla e confi\u00e1vel em diferentes regi\u00f5es do interior paulista e sul de Minas Gerais. Al\u00e9m disso, oferecemos especiais tem\u00e1ticos, como a Rota do Arrai\u00e1, que valorizam tradi\u00e7\u00f5es culturais e eventos locais.<\/p>\n<p>Seja para se informar, se inspirar ou apenas passar o tempo com uma boa leitura, o Tudo EP \u00e9 o seu ponto de encontro com o que h\u00e1 de mais relevante e interessante.<\/p>\n<p>Continue navegando pelo nosso site e descubra um universo de conte\u00fados feitos para voc\u00ea!<\/p>\n<p><strong>LEIA MAIS<\/strong><\/p>\n<p><a href=\"https:\/\/www.acidadeon.com\/tudoep\/tudo-cult\/viu-essa\/quando-sera-o-evento-de-stranger-things-no-brasil\/\" rel=\"nofollow noopener\" target=\"_blank\">Quando ser\u00e1 o evento de Stranger Things no Brasil?<\/a><\/p>\n","protected":false},"excerpt":{"rendered":"Viu essa?&#13; Live action de He-Man j\u00e1 conta com data de estreia; veja quando o filme chegar\u00e1 aos&hellip;\n","protected":false},"author":2,"featured_media":109508,"comment_status":"","ping_status":"","sticky":false,"template":"","format":"standard","meta":{"footnotes":""},"categories":[140],"tags":[114,115,147,148,16719,146,32,33],"class_list":{"0":"post-109507","1":"post","2":"type-post","3":"status-publish","4":"format-standard","5":"has-post-thumbnail","7":"category-filmes","8":"tag-entertainment","9":"tag-entretenimento","10":"tag-film","11":"tag-filmes","12":"tag-he-man","13":"tag-movies","14":"tag-portugal","15":"tag-pt"},"share_on_mastodon":{"url":"","error":""},"_links":{"self":[{"href":"https:\/\/www.europesays.com\/pt\/wp-json\/wp\/v2\/posts\/109507","targetHints":{"allow":["GET"]}}],"collection":[{"href":"https:\/\/www.europesays.com\/pt\/wp-json\/wp\/v2\/posts"}],"about":[{"href":"https:\/\/www.europesays.com\/pt\/wp-json\/wp\/v2\/types\/post"}],"author":[{"embeddable":true,"href":"https:\/\/www.europesays.com\/pt\/wp-json\/wp\/v2\/users\/2"}],"replies":[{"embeddable":true,"href":"https:\/\/www.europesays.com\/pt\/wp-json\/wp\/v2\/comments?post=109507"}],"version-history":[{"count":0,"href":"https:\/\/www.europesays.com\/pt\/wp-json\/wp\/v2\/posts\/109507\/revisions"}],"wp:featuredmedia":[{"embeddable":true,"href":"https:\/\/www.europesays.com\/pt\/wp-json\/wp\/v2\/media\/109508"}],"wp:attachment":[{"href":"https:\/\/www.europesays.com\/pt\/wp-json\/wp\/v2\/media?parent=109507"}],"wp:term":[{"taxonomy":"category","embeddable":true,"href":"https:\/\/www.europesays.com\/pt\/wp-json\/wp\/v2\/categories?post=109507"},{"taxonomy":"post_tag","embeddable":true,"href":"https:\/\/www.europesays.com\/pt\/wp-json\/wp\/v2\/tags?post=109507"}],"curies":[{"name":"wp","href":"https:\/\/api.w.org\/{rel}","templated":true}]}}