{"id":109513,"date":"2025-10-13T20:03:12","date_gmt":"2025-10-13T20:03:12","guid":{"rendered":"https:\/\/www.europesays.com\/pt\/109513\/"},"modified":"2025-10-13T20:03:12","modified_gmt":"2025-10-13T20:03:12","slug":"dylan-arrasado-apos-confronto-com-pedro-jorge-que-desilusao","status":"publish","type":"post","link":"https:\/\/www.europesays.com\/pt\/109513\/","title":{"rendered":"Dylan &#8216;arrasado&#8217; ap\u00f3s confronto com Pedro Jorge: &#8220;Que desilus\u00e3o&#8221;"},"content":{"rendered":"<p>\t\t\t\t\t\t\t\t\t\t\t\t<a href=\"#\" onclick=\"window.open('http:\/\/www.facebook.com\/sharer.php?u=https:\/\/cusquices.com\/dylan-arrasado-apos-confronto-com-pedro-jorge-que-desilusao\/&amp;t=Dylan \u2018arrasado\u2019 ap\u00f3s confronto com Pedro Jorge: \u201cQue desilus\u00e3o\u201d', 'facebookShare', 'width=626,height=436'); return false;\" title=\"Share on Facebook\"><\/p>\n<p>Share<\/p>\n<p><\/a><br \/>\n\t\t\t\t\t\t\t\t\t\t\t\t<a href=\"#\" onclick=\"window.open('http:\/\/twitter.com\/share?text=Dylan \u2018arrasado\u2019 ap\u00f3s confronto com Pedro Jorge: \u201cQue desilus\u00e3o\u201d -&amp;url=https:\/\/cusquices.com\/dylan-arrasado-apos-confronto-com-pedro-jorge-que-desilusao\/', 'twitterShare', 'width=626,height=436'); return false;\" title=\"Tweet This Post\"><\/p>\n<p>Tweet<\/p>\n<p><\/a><br \/>\n\t\t\t\t\t\t\t\t\t\t\t\t<a href=\"whatsapp:\/\/send?text=Dylan \u2018arrasado\u2019 ap\u00f3s confronto com Pedro Jorge: \u201cQue desilus\u00e3o\u201d https:\/\/cusquices.com\/dylan-arrasado-apos-confronto-com-pedro-jorge-que-desilusao\/\" rel=\"nofollow\"><\/p>\n<p>Share<\/p>\n<p><\/a><br \/>\n\t\t\t\t\t\t\t\t\t\t\t\t<a href=\"#\" onclick=\"window.open('http:\/\/pinterest.com\/pin\/create\/button\/?url=https:\/\/cusquices.com\/dylan-arrasado-apos-confronto-com-pedro-jorge-que-desilusao\/&amp;media=https:\/\/cusquices.com\/wp-content\/uploads\/2025\/10\/dylan-confrontopedro-1000x600.jpg&amp;description=Dylan \u2018arrasado\u2019 ap\u00f3s confronto com Pedro Jorge: \u201cQue desilus\u00e3o\u201d', 'pinterestShare', 'width=750,height=350'); return false;\" title=\"Pin This Post\"><\/p>\n<p>Share<\/p>\n<p><\/a><br \/>\n\t\t\t\t\t\t\t\t\t\t\t\t<a href=\"mailto:?subject=Dylan \u2018arrasado\u2019 ap\u00f3s confronto com Pedro Jorge: \u201cQue desilus\u00e3o\u201d&amp;BODY=I found this article interesting and thought of sharing it with you. Check it out: https:\/\/cusquices.com\/dylan-arrasado-apos-confronto-com-pedro-jorge-que-desilusao\/\"><\/p>\n<p>Email<\/p>\n<p><\/a><br \/>\n\t\t\t\t\t\t\t\t\t\t\t\t\t\t\t\t\t\t\t\t\t\t\t\t\t\t\t\t\t\t\t\t\t\t\t\t\t\t\t\t\t\t\t\t\t\t\t\t\t\t\t\t\t<a href=\"https:\/\/cusquices.com\/dylan-arrasado-apos-confronto-com-pedro-jorge-que-desilusao\/#respond\" rel=\"nofollow noopener\" target=\"_blank\"><\/p>\n<p>Os \u00e2nimos voltaram a aquecer na casa mais vigiada do pa\u00eds. Durante a cadeira quente desta madrugada, 13 de outubro, <a href=\"https:\/\/cusquices.com\/aqueceu-dylan-vai-para-cima-de-pedro-jorge-nao-levantes-a-crista\/\" rel=\"nofollow noopener\" target=\"_blank\">Dylan protagonizou um aceso confronto com Pedro Jorge<\/a>. O concorrente perdeu a paci\u00eancia e acabou por se levantar, dirigindo-se de forma exaltada ao colega. <\/p>\n<p>O momento rapidamente gerou pol\u00e9mica fora da casa e est\u00e1 a ser amplamente criticado pelos internautas, que condenam a atitude de Dylan. Multiplicam-se as mensagens com cr\u00edticas a Dylan e os f\u00e3s do reality mostram-se rendidos a Pedro Jorge.<\/p>\n<p><strong>\u201c\u00c9 salvo porque os paizinhos t\u00eam dinheiro. For\u00e7a Pedro\u201d, \u201cJ\u00e1 me d\u00e1 nervos este Dylan\u201d, \u201cDylan \u00e9 um milion\u00e1rio muito triste\u201d, \u201cEste Dylan \u00e9 uma pessoa muito triste que desilus\u00e3o nossa\u201d, \u201cDylan a rebolar ladeira abaixo\u201d, \u201cEste Dylan \u00e9 Rid\u00edculo\u201d, \u201cPedro a p\u00f4r o macho alfa no lugar\u201d, <\/strong>s\u00e3o apenas algumas das rea\u00e7\u00f5es.<\/p>\n<p>Ora veja:<\/p>\n<blockquote class=\"instagram-media\" data-instgrm-captioned=\"\" data-instgrm-permalink=\"https:\/\/www.instagram.com\/reel\/DPvltvJjLGy\/?utm_source=ig_embed&amp;utm_campaign=loading\" data-instgrm-version=\"14\" style=\" background:#FFF; border:0; border-radius:3px; box-shadow:0 0 1px 0 rgba(0,0,0,0.5),0 1px 10px 0 rgba(0,0,0,0.15); margin: 1px; max-width:540px; min-width:326px; padding:0; width:99.375%; width:-webkit-calc(100% - 2px); width:calc(100% - 2px);\"\/>\n<p><strong>Leia tamb\u00e9m:<\/strong><\/p>\n<p>\t\t\t\t\t\t\t\t\t\t\t\t\t\t\t\t\t\t\t\t\t\t\t\t\t<img decoding=\"async\" src=\"https:\/\/www.europesays.com\/pt\/wp-content\/uploads\/2025\/10\/cusquices-logo-52x.png\" class=\"webpexpress-processed\"\/><\/p>\n<p>\t\t\t\t\t\t\t\t\t\t\t\t\t\t\t\t\t\t\t\t\t            \t\t\t\t\t\t\t\t\t\t\t\t\t\t\t\t\t\t\t\t\t\t\t\t\t\t\t\t\t\t\t\t\t\t\t\t\t\t\t<script async src=\"https:\/\/platform.twitter.com\/widgets.js\" charset=\"utf-8\"><\/script><script async src=\"\/\/www.instagram.com\/embed.js\"><\/script><\/p>\n","protected":false},"excerpt":{"rendered":"Share Tweet Share Share Email Os \u00e2nimos voltaram a aquecer na casa mais vigiada do pa\u00eds. Durante a&hellip;\n","protected":false},"author":2,"featured_media":109514,"comment_status":"","ping_status":"","sticky":false,"template":"","format":"standard","meta":{"footnotes":""},"categories":[85],"tags":[2632,49,19105,114,115,14646,32,33,227],"class_list":{"0":"post-109513","1":"post","2":"type-post","3":"status-publish","4":"format-standard","5":"has-post-thumbnail","7":"category-entretenimento","8":"tag-casa-dos-segredos","9":"tag-destaques","10":"tag-dylan","11":"tag-entertainment","12":"tag-entretenimento","13":"tag-pedro","14":"tag-portugal","15":"tag-pt","16":"tag-videos"},"share_on_mastodon":{"url":"","error":""},"_links":{"self":[{"href":"https:\/\/www.europesays.com\/pt\/wp-json\/wp\/v2\/posts\/109513","targetHints":{"allow":["GET"]}}],"collection":[{"href":"https:\/\/www.europesays.com\/pt\/wp-json\/wp\/v2\/posts"}],"about":[{"href":"https:\/\/www.europesays.com\/pt\/wp-json\/wp\/v2\/types\/post"}],"author":[{"embeddable":true,"href":"https:\/\/www.europesays.com\/pt\/wp-json\/wp\/v2\/users\/2"}],"replies":[{"embeddable":true,"href":"https:\/\/www.europesays.com\/pt\/wp-json\/wp\/v2\/comments?post=109513"}],"version-history":[{"count":0,"href":"https:\/\/www.europesays.com\/pt\/wp-json\/wp\/v2\/posts\/109513\/revisions"}],"wp:featuredmedia":[{"embeddable":true,"href":"https:\/\/www.europesays.com\/pt\/wp-json\/wp\/v2\/media\/109514"}],"wp:attachment":[{"href":"https:\/\/www.europesays.com\/pt\/wp-json\/wp\/v2\/media?parent=109513"}],"wp:term":[{"taxonomy":"category","embeddable":true,"href":"https:\/\/www.europesays.com\/pt\/wp-json\/wp\/v2\/categories?post=109513"},{"taxonomy":"post_tag","embeddable":true,"href":"https:\/\/www.europesays.com\/pt\/wp-json\/wp\/v2\/tags?post=109513"}],"curies":[{"name":"wp","href":"https:\/\/api.w.org\/{rel}","templated":true}]}}