{"id":109553,"date":"2025-10-13T20:33:09","date_gmt":"2025-10-13T20:33:09","guid":{"rendered":"https:\/\/www.europesays.com\/pt\/109553\/"},"modified":"2025-10-13T20:33:09","modified_gmt":"2025-10-13T20:33:09","slug":"toyota-antecipa-proximo-corolla-e-nao-podia-ser-mais-diferente","status":"publish","type":"post","link":"https:\/\/www.europesays.com\/pt\/109553\/","title":{"rendered":"Toyota antecipa pr\u00f3ximo Corolla e n\u00e3o podia ser mais diferente"},"content":{"rendered":"<p>\n\tA Toyota revelou o concept do novo Corolla, antecipando a pr\u00f3xima gera\u00e7\u00e3o de um dos seus modelos mais vendidos no mundo.\n<\/p>\n<p>Hoje est\u00e1 a ser um dia de emo\u00e7\u00f5es para a <a href=\"https:\/\/www.razaoautomovel.com\/etiqueta\/toyota\" rel=\"nofollow noopener\" target=\"_blank\">Toyota<\/a>, que divulgou as primeiras imagens do concept que antecipa a pr\u00f3xima gera\u00e7\u00e3o do Corolla, um nome hist\u00f3rico e um dos modelos mais vendidos da marca mundialmente.<\/p>\n<p>Embora o prot\u00f3tipo seja \u00abtodo ele\u00bb uma novidade, a maior surpresa prende-se com a possibilidade de o novo Corolla vir a ser 100% el\u00e9trico ou h\u00edbrido plug-in \u2014 a porta de carregamento atr\u00e1s da roda dianteira deixa poucas d\u00favidas.<\/p>\n<p><img loading=\"lazy\" decoding=\"async\" width=\"2048\" height=\"1357\" src=\"data:image\/svg+xml,%3Csvg%20xmlns=\" http:=\"\" alt=\"Toyota Corolla Concept dianteira 3\/4\" class=\"wp-image-1102299\" data-lazy- data-lazy- data-lazy-src=\"https:\/\/www.europesays.com\/pt\/wp-content\/uploads\/2025\/10\/2toyota-corolla-concept-2025.webp.webp\"\/>\u00a9 Toyota S\u00f3 na Europa, no ano passado, o Toyota Corolla vendeu 163 393 unidades.<\/p>\n<p>Corolla el\u00e9trico?<\/p>\n<p>O lan\u00e7amento de um <a href=\"https:\/\/www.razaoautomovel.com\/etiqueta\/toyota-corolla\" rel=\"nofollow noopener\" target=\"_blank\">Corolla<\/a> totalmente el\u00e9trico \u2014 caso se venha a confirmar \u2014 representar\u00e1 um grande salto para a Toyota no que respeita \u00e0 eletrifica\u00e7\u00e3o total dos seus modelos. <\/p>\n<p>At\u00e9 recentemente, a marca japonesa era vista como uma das mais atrasadas neste campo, com apenas um autom\u00f3vel 100% el\u00e9trico na sua gama europeia, o bZ4X. Mas o gigante japon\u00eas mostra inten\u00e7\u00f5es de recuperar rapidamente caminho: este ano j\u00e1 revelou o <a href=\"https:\/\/www.razaoautomovel.com\/noticias\/apresentacao-toyota-urban-cruiser-salao-de-bruxelas-2025\/\" rel=\"nofollow noopener\" target=\"_blank\">Urban Cruiser<\/a>\u00a0e o\u00a0<a href=\"https:\/\/www.razaoautomovel.com\/noticias\/apresentacao-toyota-c-hr-forum-kenshiki-2025\/\" rel=\"nofollow noopener\" target=\"_blank\">C-HR+<\/a>, que est\u00e3o perto de iniciar a sua comercializa\u00e7\u00e3o.<\/p>\n<p>Descubra o seu pr\u00f3ximo autom\u00f3vel:<\/p>\n<p>No in\u00edcio de 2025, a Toyota anunciou que planeia lan\u00e7ar 15 modelos totalmente el\u00e9tricos a n\u00edvel global at\u00e9 2027 (incluindo a Lexus). Ser\u00e1 o Corolla um deles? Teremos de esperar pela revela\u00e7\u00e3o oficial no final deste m\u00eas para o confirmar.<\/p>\n<p>O lan\u00e7amento de um Corolla el\u00e9trico n\u00e3o implica, no entanto, o fim do Corolla h\u00edbrido. A Toyota tem defendido de forma consistente que o futuro n\u00e3o dever\u00e1 ser limitado a uma tecnologia e caber\u00e1 ao cliente optar por aquela que melhor se adapte \u00e0s suas necessidades. <\/p>\n<p>Alguns rumores indicam que o Corolla atual \u2014 dispon\u00edvel apenas como h\u00edbrido \u2014 ser\u00e1 atualizado e continuar\u00e1 a ser vendido em paralelo com o in\u00e9dito Corolla el\u00e9trico. Uma estrat\u00e9gia semelhante \u00e0 que a <a href=\"https:\/\/www.razaoautomovel.com\/noticias\/industria-atraso-volkswagen-golf-eletrico\/\" rel=\"nofollow noopener\" target=\"_blank\">Volkswagen decidiu seguir com o Golf<\/a>.<\/p>\n<p>Corte\u2026 com tudo<\/p>\n<p>Se relativamente ao tipo de cadeia cinem\u00e1tica ainda h\u00e1 muitas perguntas sem resposta, o design da nova gera\u00e7\u00e3o, antecipado por este concept, j\u00e1 \u00e9 muito mais evidente. E n\u00e3o podia ser mais diferente da gera\u00e7\u00e3o atual, lan\u00e7ada em 2018.<\/p>\n<p>O concept apresenta-se com um conjunto de linhas muito mais sofisticadas e propor\u00e7\u00f5es mais dram\u00e1ticas que o Corolla atual. As linhas s\u00e3o mais precisas e geom\u00e9tricas, o tejadilho arqueia de forma mais pronunciada e as superf\u00edcies s\u00e3o mais planas. <\/p>\n<p>A efici\u00eancia aerodin\u00e2mica parece ter estado no cerne deste design e talvez ajude a justificar a op\u00e7\u00e3o da Toyota por uma carro\u00e7aria de tr\u00eas volumes e quatro portas (que ainda encontra bastante procura em alguns pa\u00edses asi\u00e1ticos), apesar de na Europa serem as carro\u00e7arias de dois volumes e cinco portas as mais populares.<\/p>\n<p><img loading=\"lazy\" decoding=\"async\" width=\"925\" height=\"520\" src=\"data:image\/svg+xml,%3Csvg%20xmlns=\" http:=\"\" alt=\"Toyota Corolla Concept traseira\" class=\"wp-image-1102302\" data-lazy- data-lazy- data-lazy-src=\"https:\/\/www.europesays.com\/pt\/wp-content\/uploads\/2025\/10\/4toyota-corolla-concept-2025-925x520.webp.webp\"\/>\u00a9 Toyota<\/p>\n<p>Quando chega?<\/p>\n<p>O concept do novo Toyota Corolla vai ser oficialmente apresentado no Sal\u00e3o de T\u00f3quio (Japan Mobility Show 2025), que abre portas no dia 30 de outubro e termina a 9 de novembro.<\/p>\n<p>\t\t\tSabe esta resposta?<br \/>\n\t\t\tEm que ano foi lan\u00e7ada a primeira gera\u00e7\u00e3o do Mazda MX-5?<\/p>\n","protected":false},"excerpt":{"rendered":"A Toyota revelou o concept do novo Corolla, antecipando a pr\u00f3xima gera\u00e7\u00e3o de um dos seus modelos mais&hellip;\n","protected":false},"author":2,"featured_media":109554,"comment_status":"","ping_status":"","sticky":false,"template":"","format":"standard","meta":{"footnotes":""},"categories":[83],"tags":[956,88,89,90,32,33,25361,25999,502,26029],"class_list":{"0":"post-109553","1":"post","2":"type-post","3":"status-publish","4":"format-standard","5":"has-post-thumbnail","7":"category-empresas","8":"tag-antevisao","9":"tag-business","10":"tag-economy","11":"tag-empresas","12":"tag-portugal","13":"tag-pt","14":"tag-salao-de-toquio","15":"tag-salao-de-toquio-2025","16":"tag-toyota","17":"tag-toyota-corolla"},"share_on_mastodon":{"url":"","error":""},"_links":{"self":[{"href":"https:\/\/www.europesays.com\/pt\/wp-json\/wp\/v2\/posts\/109553","targetHints":{"allow":["GET"]}}],"collection":[{"href":"https:\/\/www.europesays.com\/pt\/wp-json\/wp\/v2\/posts"}],"about":[{"href":"https:\/\/www.europesays.com\/pt\/wp-json\/wp\/v2\/types\/post"}],"author":[{"embeddable":true,"href":"https:\/\/www.europesays.com\/pt\/wp-json\/wp\/v2\/users\/2"}],"replies":[{"embeddable":true,"href":"https:\/\/www.europesays.com\/pt\/wp-json\/wp\/v2\/comments?post=109553"}],"version-history":[{"count":0,"href":"https:\/\/www.europesays.com\/pt\/wp-json\/wp\/v2\/posts\/109553\/revisions"}],"wp:featuredmedia":[{"embeddable":true,"href":"https:\/\/www.europesays.com\/pt\/wp-json\/wp\/v2\/media\/109554"}],"wp:attachment":[{"href":"https:\/\/www.europesays.com\/pt\/wp-json\/wp\/v2\/media?parent=109553"}],"wp:term":[{"taxonomy":"category","embeddable":true,"href":"https:\/\/www.europesays.com\/pt\/wp-json\/wp\/v2\/categories?post=109553"},{"taxonomy":"post_tag","embeddable":true,"href":"https:\/\/www.europesays.com\/pt\/wp-json\/wp\/v2\/tags?post=109553"}],"curies":[{"name":"wp","href":"https:\/\/api.w.org\/{rel}","templated":true}]}}