{"id":109562,"date":"2025-10-13T20:40:07","date_gmt":"2025-10-13T20:40:07","guid":{"rendered":"https:\/\/www.europesays.com\/pt\/109562\/"},"modified":"2025-10-13T20:40:07","modified_gmt":"2025-10-13T20:40:07","slug":"canais-de-musica-da-mtv-vao-fechar-na-europa-ate-ao-final-de-2026","status":"publish","type":"post","link":"https:\/\/www.europesays.com\/pt\/109562\/","title":{"rendered":"Canais de m\u00fasica da MTV v\u00e3o fechar na Europa ate ao final de 2026"},"content":{"rendered":"<p>Os canais de m\u00fasica da MTV v\u00e3o ser encerrados na Europa at\u00e9 ao final do ano, ap\u00f3s 44 anos de transmiss\u00e3o cont\u00ednua. A decis\u00e3o da Paramount Global, que vai fundir-se com a Skydance, est\u00e1 relacionada com corte de custos.<\/p>\n<p data-remotead-prev-elm=\"true\" data-remotead-elm-id=\"inread\">Se o principal canal da MTV, dedicado a reality shows e entretenimento, dever\u00e1 continuar a ser transmitido, MTV Music, MTV 80s, MTV 90s, Club MTV e MTV Live v\u00e3o ser desativados.<\/p>\n<p>Reino Unido e Irlanda ser\u00e3o os primeiros pa\u00edses a deixarem de transmitir estes canais.<\/p>\n","protected":false},"excerpt":{"rendered":"Os canais de m\u00fasica da MTV v\u00e3o ser encerrados na Europa at\u00e9 ao final do ano, ap\u00f3s 44&hellip;\n","protected":false},"author":2,"featured_media":109563,"comment_status":"","ping_status":"","sticky":false,"template":"","format":"standard","meta":{"footnotes":""},"categories":[142],"tags":[114,115,20987,5586,32,33,151],"class_list":{"0":"post-109562","1":"post","2":"type-post","3":"status-publish","4":"format-standard","5":"has-post-thumbnail","7":"category-tv","8":"tag-entertainment","9":"tag-entretenimento","10":"tag-extra","11":"tag-mtv","12":"tag-portugal","13":"tag-pt","14":"tag-tv"},"share_on_mastodon":{"url":"","error":""},"_links":{"self":[{"href":"https:\/\/www.europesays.com\/pt\/wp-json\/wp\/v2\/posts\/109562","targetHints":{"allow":["GET"]}}],"collection":[{"href":"https:\/\/www.europesays.com\/pt\/wp-json\/wp\/v2\/posts"}],"about":[{"href":"https:\/\/www.europesays.com\/pt\/wp-json\/wp\/v2\/types\/post"}],"author":[{"embeddable":true,"href":"https:\/\/www.europesays.com\/pt\/wp-json\/wp\/v2\/users\/2"}],"replies":[{"embeddable":true,"href":"https:\/\/www.europesays.com\/pt\/wp-json\/wp\/v2\/comments?post=109562"}],"version-history":[{"count":0,"href":"https:\/\/www.europesays.com\/pt\/wp-json\/wp\/v2\/posts\/109562\/revisions"}],"wp:featuredmedia":[{"embeddable":true,"href":"https:\/\/www.europesays.com\/pt\/wp-json\/wp\/v2\/media\/109563"}],"wp:attachment":[{"href":"https:\/\/www.europesays.com\/pt\/wp-json\/wp\/v2\/media?parent=109562"}],"wp:term":[{"taxonomy":"category","embeddable":true,"href":"https:\/\/www.europesays.com\/pt\/wp-json\/wp\/v2\/categories?post=109562"},{"taxonomy":"post_tag","embeddable":true,"href":"https:\/\/www.europesays.com\/pt\/wp-json\/wp\/v2\/tags?post=109562"}],"curies":[{"name":"wp","href":"https:\/\/api.w.org\/{rel}","templated":true}]}}