{"id":109572,"date":"2025-10-13T20:47:08","date_gmt":"2025-10-13T20:47:08","guid":{"rendered":"https:\/\/www.europesays.com\/pt\/109572\/"},"modified":"2025-10-13T20:47:08","modified_gmt":"2025-10-13T20:47:08","slug":"qual-a-operadora-com-internet-movel-mais-barata","status":"publish","type":"post","link":"https:\/\/www.europesays.com\/pt\/109572\/","title":{"rendered":"Qual a operadora com internet m\u00f3vel mais barata?"},"content":{"rendered":"<p>Para quem procura um servi\u00e7o apenas de internet m\u00f3vel as op\u00e7\u00f5es s\u00e3o variadas e os pre\u00e7os tamb\u00e9m, tal como acontece para a <a target=\"_blank\" href=\"https:\/\/pplware.sapo.pt\/informacao\/tarifarios-de-internet-fixa-qual-a-operadora-mais-barata\/\" rel=\"nofollow noopener\">internet fixa<\/a>. Nesse sentido, h\u00e1 que saber de uma forma simples, qual a operadora que oferece o melhor servi\u00e7o ou melhor pre\u00e7o.<\/p>\n<p><a target=\"_blank\" href=\"https:\/\/pplware.sapo.pt\/wp-content\/uploads\/2017\/01\/vodafone_internet_movel_766x400.jpg\" onclick=\"refreshIframe()\" class=\"foobox\" rel=\"nofollow noopener\"><img fetchpriority=\"high\" decoding=\"async\" src=\"https:\/\/www.europesays.com\/pt\/wp-content\/uploads\/2025\/10\/vodafone_internet_movel_766x400-720x376.jpg\" alt=\"\" width=\"720\" height=\"376\" class=\"aligncenter size-medium wp-image-429842\"  \/><\/a><\/p>\n<p>Pode ter 100 GB por m\u00eas por apenas 5 euros<\/p>\n<p>Se s\u00f3 precisa de um tarif\u00e1rio de internet m\u00f3vel, \u00e9 poss\u00edvel agora ter pelo menos 100 GB de tr\u00e1fego por m\u00eas por pre\u00e7os que variam entre os 5 e os 15 euros.<\/p>\n<p>Segundo a Deco Proteste, em outubro, MEO, NOS e Vodafone aumentaram os pre\u00e7os dos seus tarif\u00e1rios, mas nas low-cost os valores mant\u00e9m-se inalterados em compara\u00e7\u00e3o com o m\u00eas anterior.<\/p>\n<p><a target=\"_blank\" href=\"https:\/\/www.europesays.com\/pt\/wp-content\/uploads\/2025\/10\/movel_00.jpg\" onclick=\"refreshIframe()\" class=\"foobox\"><img loading=\"lazy\" decoding=\"async\" src=\"https:\/\/www.europesays.com\/pt\/wp-content\/uploads\/2025\/10\/movel_00.jpg\" alt=\"\" width=\"595\" height=\"628\" class=\"aligncenter size-full wp-image-1083192\"  \/><\/a><\/p>\n<p>Olhando para a tabela anterior, percebemos que a Uzo \u00e9 quem oferece um servi\u00e7o com 200 GB, todas as outras oferecem 100 GB. O valor do servi\u00e7o da Uzo \u00e9 de 8 euros.<\/p>\n<p>Tendo em conta os dados das &#8220;3 grandes operadoras&#8221;, Vodafone, NOS e MEO, percebe-se que os valores mensais s\u00e3o elevados, face \u00e0s propostas da concorr\u00eancia.<\/p>\n","protected":false},"excerpt":{"rendered":"Para quem procura um servi\u00e7o apenas de internet m\u00f3vel as op\u00e7\u00f5es s\u00e3o variadas e os pre\u00e7os tamb\u00e9m, tal&hellip;\n","protected":false},"author":2,"featured_media":109573,"comment_status":"","ping_status":"","sticky":false,"template":"","format":"standard","meta":{"footnotes":""},"categories":[83],"tags":[88,89,90,16827,8657,17360,32,33,17361],"class_list":{"0":"post-109572","1":"post","2":"type-post","3":"status-publish","4":"format-standard","5":"has-post-thumbnail","7":"category-empresas","8":"tag-business","9":"tag-economy","10":"tag-empresas","11":"tag-internet-movel","12":"tag-meo","13":"tag-nos","14":"tag-portugal","15":"tag-pt","16":"tag-vodafone"},"share_on_mastodon":{"url":"","error":""},"_links":{"self":[{"href":"https:\/\/www.europesays.com\/pt\/wp-json\/wp\/v2\/posts\/109572","targetHints":{"allow":["GET"]}}],"collection":[{"href":"https:\/\/www.europesays.com\/pt\/wp-json\/wp\/v2\/posts"}],"about":[{"href":"https:\/\/www.europesays.com\/pt\/wp-json\/wp\/v2\/types\/post"}],"author":[{"embeddable":true,"href":"https:\/\/www.europesays.com\/pt\/wp-json\/wp\/v2\/users\/2"}],"replies":[{"embeddable":true,"href":"https:\/\/www.europesays.com\/pt\/wp-json\/wp\/v2\/comments?post=109572"}],"version-history":[{"count":0,"href":"https:\/\/www.europesays.com\/pt\/wp-json\/wp\/v2\/posts\/109572\/revisions"}],"wp:featuredmedia":[{"embeddable":true,"href":"https:\/\/www.europesays.com\/pt\/wp-json\/wp\/v2\/media\/109573"}],"wp:attachment":[{"href":"https:\/\/www.europesays.com\/pt\/wp-json\/wp\/v2\/media?parent=109572"}],"wp:term":[{"taxonomy":"category","embeddable":true,"href":"https:\/\/www.europesays.com\/pt\/wp-json\/wp\/v2\/categories?post=109572"},{"taxonomy":"post_tag","embeddable":true,"href":"https:\/\/www.europesays.com\/pt\/wp-json\/wp\/v2\/tags?post=109572"}],"curies":[{"name":"wp","href":"https:\/\/api.w.org\/{rel}","templated":true}]}}