{"id":109597,"date":"2025-10-13T21:04:44","date_gmt":"2025-10-13T21:04:44","guid":{"rendered":"https:\/\/www.europesays.com\/pt\/109597\/"},"modified":"2025-10-13T21:04:44","modified_gmt":"2025-10-13T21:04:44","slug":"as-camaras-que-nunca-mudaram-de-cor-politica-ha-sete-bastioes-perdidos-nestas-autarquicas","status":"publish","type":"post","link":"https:\/\/www.europesays.com\/pt\/109597\/","title":{"rendered":"As c\u00e2maras que nunca mudaram de cor pol\u00edtica: h\u00e1 sete basti\u00f5es perdidos nestas aut\u00e1rquicas"},"content":{"rendered":"<p class=\"category\"><a href=\"https:\/\/sicnoticias.pt\/especiais\/autarquicas\" rel=\"nofollow noopener\" target=\"_blank\">Elei\u00e7\u00f5es Aut\u00e1rquicas<\/a><\/p>\n<p>H\u00e1 munic\u00edpios que, desde que foram criados, foram sempre vencidos pelo mesmo partido. Depois desta noite eleitoral, restam, contudo, apenas 17. O PS foi aquele que mais c\u00e2maras hist\u00f3ricas perdeu desta vez, mas tamb\u00e9m PSD e CDU sofreram duros danos.<\/p>\n<p><img decoding=\"async\" src=\"https:\/\/www.europesays.com\/pt\/wp-content\/uploads\/2025\/10\/1760389484_435_original.webp\" alt=\"As c\u00e2maras que nunca mudaram de cor pol\u00edtica: h\u00e1 sete basti\u00f5es perdidos nestas aut\u00e1rquicas\"\/><\/p>\n<p>Horacio Villalobos\/Getty Images<\/p>\n<p><strong>H\u00e1 17 concelhos que nunca mudaram de cor pol\u00edtica. H\u00e1 lugares onde ainda persiste o mesmo partido, desde as primeiras elei\u00e7\u00f5es aut\u00e1rquicas em democracia \u2013 no ano de 1976, ap\u00f3s a Revolu\u00e7\u00e3o do 25 de Abril. Quem mais c\u00e2maras mant\u00e9m \u00e9 o PSD, seguido pelo PS e pelo PCP.<\/strong><\/p>\n<p>Em causa est\u00e3o os munic\u00edpios onde, passados mais de 50 anos, o partido pol\u00edtico que venceu a c\u00e2mara municipal foi sempre o mesmo. Nas \u00faltimas aut\u00e1rquicas, tinham j\u00e1 diminu\u00eddo para 24, mas, depois deste domingo, s\u00e3o ainda menos.<\/p>\n<p><a href=\"https:\/\/sicnoticias.pt\/especiais\/autarquicas\/2025-10-12-eleicoes-autarquicas-o-dia-das-decisoes-quem-sao-os-grandes-vencedores-e-vencidos-de929280?utm_source=sicnot&amp;utm_medium=root&amp;utm_campaign=WEB&amp;utm_content=\/especiais\/autarquicas\/2025-10-12-eleicoes-autarquicas-o-dia-das-decisoes-quem-sao-os-grandes-vencedores-e-vencidos-de929280\" target=\"_blank\" rel=\"noopener noreferrer nofollow\">Nestas elei\u00e7\u00f5es<\/a> houve <strong>sete basti\u00f5es que se perderam<\/strong> \u2013 tanto por parte de <strong>sociais-democratas<\/strong>, como de <strong>socialistas<\/strong> e <strong>comunistas<\/strong>.<\/p>\n<p>\u00c9 o caso de <strong>Torres Vedras <\/strong>e da <strong>Lourinh\u00e3<\/strong> (no distrito de Lisboa), onde o<strong> PS perdeu para a coliga\u00e7\u00e3o PSD\/CDS<\/strong>, e de <strong>Condeixa-a-Nova<\/strong> (no distrito de Coimbra), que foi <strong>ganha pelo movimento independente \u201cCondeixa Novos Caminhos (CNC)\u201d<\/strong>.<\/p>\n<p>Tamb\u00e9m o <strong>PSD deixou escapar<\/strong> autarquias hist\u00f3ricas. Foi o caso de<strong> Penedono<\/strong> (no distrito de Viseu) e de <strong>Ma\u00e7\u00e3o<\/strong> (no distrito de Santar\u00e9m), que, pela primeira vez na Hist\u00f3ria, <strong>passam para as m\u00e3os do PS<\/strong>.<\/p>\n<p>Quanto ao <strong>PCP<\/strong>, ficou sem<strong> <\/strong>Serpa (no distrito de Beja) e Santiago do Cac\u00e9m (no distrito de Set\u00fabal), que sempre tinham sido autarquias comunistas. <strong>Serpa \u00e9 agora do PS<\/strong> e <strong>Santiago do Cac\u00e9m foi<\/strong> <strong>conquistada pelo movimento \u201cSTC &#8211; Somos Todos Cidad\u00e3os\u201d<\/strong>, que tinha o <strong>apoio do PS e da coliga\u00e7\u00e3o PSD\/CDS-PP<\/strong>.<\/p>\n<p>Quais s\u00e3o os basti\u00f5es que se mant\u00eam?<\/p>\n<p>De acordo com as contas feitas pela SIC Not\u00edcias, ap\u00f3s o apuramento dos resultados destas elei\u00e7\u00f5es aut\u00e1rquicas, <strong>\u00e9 o PSD quem mais munic\u00edpios fi\u00e9is mant\u00e9m<\/strong>. S\u00e3o <strong>sete<\/strong>: <strong>C\u00e2mara de Lobos <\/strong>e<strong> Calheta<\/strong> (Madeira), <strong>Boticas <\/strong>e<strong> Valpa\u00e7os <\/strong>(Vila Real), <strong>Arcos de Valdevez<\/strong> (Viana do Castelo), <strong>Santa Maria da Feira<\/strong> (Aveiro) e<strong> Oleiros<\/strong> (Castelo Branco).<\/p>\n<p>Segue-se o <strong>PS<\/strong>, com <strong>seis<\/strong>: <strong>Odivelas<\/strong> \u2013 apesar de este munic\u00edpio ser um caso especial, j\u00e1 que s\u00f3 foi criado em 1998, depois da separa\u00e7\u00e3o de Loures &#8211; e <strong>Alenquer<\/strong> (Lisboa), <strong>Olh\u00e3o<\/strong> e <strong>Portim\u00e3o<\/strong> (Faro), <strong>Gavi\u00e3o<\/strong> e <strong>Campo Maior<\/strong> (Portalegre).<\/p>\n<p>E finalmente o <strong>PCP<\/strong>, com quatro: <strong>Palmela<\/strong> e <strong>Seixal<\/strong> (Set\u00fabal), <strong>Avis <\/strong>(Portalegre) e<strong> Arraiolos<\/strong> (\u00c9vora).<\/p>\n<p><strong>Acompanhe<\/strong><strong>\u00a0<\/strong><a href=\"https:\/\/sicnoticias.pt\/especiais\/autarquicas\/2025\/resultados?\" target=\"_blank\" rel=\"noopener noreferrer nofollow\"><strong>aqui<\/strong><\/a><strong>\u00a0<\/strong><strong>os resultados das Elei\u00e7\u00f5es Aut\u00e1rquicas de 2025<\/strong><\/p>\n","protected":false},"excerpt":{"rendered":"Elei\u00e7\u00f5es Aut\u00e1rquicas H\u00e1 munic\u00edpios que, desde que foram criados, foram sempre vencidos pelo mesmo partido. Depois desta noite&hellip;\n","protected":false},"author":2,"featured_media":109598,"comment_status":"","ping_status":"","sticky":false,"template":"","format":"standard","meta":{"footnotes":""},"categories":[8],"tags":[27,28,15,16,14,25,26,21,22,12,13,19,20,32,23,24,33,17,18,29,30,31],"class_list":{"0":"post-109597","1":"post","2":"type-post","3":"status-publish","4":"format-standard","5":"has-post-thumbnail","7":"category-principais-noticias","8":"tag-breaking-news","9":"tag-breakingnews","10":"tag-featured-news","11":"tag-featurednews","12":"tag-headlines","13":"tag-latest-news","14":"tag-latestnews","15":"tag-main-news","16":"tag-mainnews","17":"tag-news","18":"tag-noticias","19":"tag-noticias-principais","20":"tag-noticiasprincipais","21":"tag-portugal","22":"tag-principais-noticias","23":"tag-principaisnoticias","24":"tag-pt","25":"tag-top-stories","26":"tag-topstories","27":"tag-ultimas","28":"tag-ultimas-noticias","29":"tag-ultimasnoticias"},"share_on_mastodon":{"url":"","error":""},"_links":{"self":[{"href":"https:\/\/www.europesays.com\/pt\/wp-json\/wp\/v2\/posts\/109597","targetHints":{"allow":["GET"]}}],"collection":[{"href":"https:\/\/www.europesays.com\/pt\/wp-json\/wp\/v2\/posts"}],"about":[{"href":"https:\/\/www.europesays.com\/pt\/wp-json\/wp\/v2\/types\/post"}],"author":[{"embeddable":true,"href":"https:\/\/www.europesays.com\/pt\/wp-json\/wp\/v2\/users\/2"}],"replies":[{"embeddable":true,"href":"https:\/\/www.europesays.com\/pt\/wp-json\/wp\/v2\/comments?post=109597"}],"version-history":[{"count":0,"href":"https:\/\/www.europesays.com\/pt\/wp-json\/wp\/v2\/posts\/109597\/revisions"}],"wp:featuredmedia":[{"embeddable":true,"href":"https:\/\/www.europesays.com\/pt\/wp-json\/wp\/v2\/media\/109598"}],"wp:attachment":[{"href":"https:\/\/www.europesays.com\/pt\/wp-json\/wp\/v2\/media?parent=109597"}],"wp:term":[{"taxonomy":"category","embeddable":true,"href":"https:\/\/www.europesays.com\/pt\/wp-json\/wp\/v2\/categories?post=109597"},{"taxonomy":"post_tag","embeddable":true,"href":"https:\/\/www.europesays.com\/pt\/wp-json\/wp\/v2\/tags?post=109597"}],"curies":[{"name":"wp","href":"https:\/\/api.w.org\/{rel}","templated":true}]}}