{"id":109601,"date":"2025-10-13T21:08:14","date_gmt":"2025-10-13T21:08:14","guid":{"rendered":"https:\/\/www.europesays.com\/pt\/109601\/"},"modified":"2025-10-13T21:08:14","modified_gmt":"2025-10-13T21:08:14","slug":"mauro-vieira-viaja-a-washington-para-preparar-encontro-entre-lula-e-trump","status":"publish","type":"post","link":"https:\/\/www.europesays.com\/pt\/109601\/","title":{"rendered":"Mauro Vieira viaja a Washington para preparar encontro entre Lula e Trump"},"content":{"rendered":"\n<p class=\" content-text__container theme-color-primary-first-letter\" data-track-category=\"Link no Texto\" data-track-links=\"\"> Um dos principais integrantes da comitiva que acompanha o presidente Luiz In\u00e1cio <a class=\"\" href=\"https:\/\/oglobo.globo.com\/tudo-sobre\/politico\/luiz-inacio-lula-da-silva\" rel=\"nofollow noopener\" target=\"_blank\">Lula<\/a> da Silva em viagem \u00e0 It\u00e1lia, o ministro das Rela\u00e7\u00f5es Exteriores, <a class=\"\" href=\"https:\/\/oglobo.globo.com\/tudo-sobre\/personalidade\/mauro-vieira\/\" rel=\"nofollow noopener\" target=\"_blank\">Mauro Vieira<\/a>, deve chegar a Washington nesta ter\u00e7a-feira para um encontro, ainda sem data e hor\u00e1rio definidos, com o secret\u00e1rio de Estado americano, Marco Rubio. O chanceler brasileiro optou por seguir diretamente de Roma para os <a class=\"\" href=\"https:\/\/oglobo.globo.com\/tudo-sobre\/pais\/estados-unidos\" rel=\"nofollow noopener\" target=\"_blank\">Estados Unidos<\/a>. <\/p>\n<ul class=\"content-unordered-list\">\n<li><strong>Superando expectativas:<\/strong> <a class=\"\" href=\"https:\/\/oglobo.globo.com\/economia\/noticia\/2025\/10\/13\/exportacoes-chinesas-disparam-apesar-do-tarifaco-de-trump.ghtml\" rel=\"nofollow noopener\" target=\"_blank\">Exporta\u00e7\u00f5es chinesas disparam apesar do tarifa\u00e7o de Trump<\/a><\/li>\n<li><strong>Da &#8216;qu\u00edmica&#8217; \u00e0 liga\u00e7\u00e3o telef\u00f4nica:<\/strong> <a class=\"\" href=\"https:\/\/oglobo.globo.com\/economia\/noticia\/2025\/10\/07\/da-quimica-a-ligacao-telefonica-veja-os-proximos-passos-apos-a-conversa-de-lula-e-trump.ghtml\" rel=\"nofollow noopener\" target=\"_blank\">veja os pr\u00f3ximos passos ap\u00f3s a conversa de Lula e Trump<\/a><\/li>\n<\/ul>\n<p class=\" content-text__container \" data-track-category=\"Link no Texto\" data-track-links=\"\"> Vieira e Rubio conversaram por cerca de 15 minutos na semana passada, ap\u00f3s o telefonema entre <a class=\"\" href=\"https:\/\/oglobo.globo.com\/tudo-sobre\/politico\/luiz-inacio-lula-da-silva\" rel=\"nofollow noopener\" target=\"_blank\">Lula<\/a> e o presidente dos <a class=\"\" href=\"https:\/\/oglobo.globo.com\/tudo-sobre\/pais\/estados-unidos\" rel=\"nofollow noopener\" target=\"_blank\">Estados Unidos<\/a>, Donald Trump, ocorrido h\u00e1 cerca de oito dias. Os dois mandat\u00e1rios combinaram de se reunir presencialmente nos pr\u00f3ximos dias, provavelmente na Mal\u00e1sia, no fim deste m\u00eas, \u00e0 margem da c\u00fapula da Associa\u00e7\u00e3o de Na\u00e7\u00f5es do Sudeste Asi\u00e1tico (Asean). <\/p>\n<p class=\" content-text__container \" data-track-category=\"Link no Texto\" data-track-links=\"\"> Os chefes da diplomacia brasileira e americana dever\u00e3o preparar o encontro entre os presidentes. Al\u00e9m da data e do local, Vieira e Rubio discutir\u00e3o os temas que dever\u00e3o constar da pauta da reuni\u00e3o entre <a class=\"\" href=\"https:\/\/oglobo.globo.com\/tudo-sobre\/politico\/luiz-inacio-lula-da-silva\" rel=\"nofollow noopener\" target=\"_blank\">Lula<\/a> e Trump. <\/p>\n<ul class=\"content-unordered-list\">\n<li><strong>Republicano linha dura e cr\u00edtico de <\/strong><a class=\"\" href=\"https:\/\/oglobo.globo.com\/tudo-sobre\/politico\/luiz-inacio-lula-da-silva\" rel=\"nofollow noopener\" target=\"_blank\"><strong>Lula<\/strong><\/a><strong>:<\/strong> <a class=\"\" href=\"https:\/\/oglobo.globo.com\/mundo\/noticia\/2025\/10\/06\/republicano-linha-dura-e-critico-de-lula-quem-e-marco-rubio-secretario-escolhido-por-trump-para-negociar-com-o-brasil.ghtml\" rel=\"nofollow noopener\" target=\"_blank\">Quem \u00e9 Marco Rubio, secret\u00e1rio escolhido por Trump para negociar com o Brasil<\/a><\/li>\n<\/ul>\n<p class=\" content-text__container \" data-track-category=\"Link no Texto\" data-track-links=\"\"> Se depender do presidente brasileiro, al\u00e9m do tarifa\u00e7o sobre produtos do Brasil e das san\u00e7\u00f5es aplicadas a cidad\u00e3os brasileiros \u2014 entre eles o ministro do Supremo Tribunal Federal (<a class=\"\" href=\"https:\/\/oglobo.globo.com\/tudo-sobre\/instituicao-governamental\/stf\" rel=\"nofollow noopener\" target=\"_blank\">STF<\/a>) <a class=\"\" href=\"https:\/\/oglobo.globo.com\/tudo-sobre\/personalidade\/alexandre-de-moraes\/\" rel=\"nofollow noopener\" target=\"_blank\">Alexandre de Moraes<\/a> \u2014, entrar\u00e3o na agenda uma poss\u00edvel interven\u00e7\u00e3o militar dos EUA na Venezuela, a guerra entre R\u00fassia e Ucr\u00e2nia e o acordo de paz entre Israel e o grupo palestino Hamas. <\/p>\n<p class=\" content-text__container \" data-track-category=\"Link no Texto\" data-track-links=\"\"> A \u00fanica exce\u00e7\u00e3o imposta por <a class=\"\" href=\"https:\/\/oglobo.globo.com\/tudo-sobre\/politico\/luiz-inacio-lula-da-silva\" rel=\"nofollow noopener\" target=\"_blank\">Lula<\/a> \u00e9 a situa\u00e7\u00e3o do ex-presidente Jair Bolsonaro. Trump havia condicionado a retirada da sobretaxa de 50% sobre produtos brasileiros ao arquivamento do processo no <a class=\"\" href=\"https:\/\/oglobo.globo.com\/tudo-sobre\/instituicao-governamental\/stf\" rel=\"nofollow noopener\" target=\"_blank\">STF<\/a> que acusa Bolsonaro de tentativa de golpe de Estado. <\/p>\n<p class=\" content-text__container \" data-track-category=\"Link no Texto\" data-track-links=\"\"> Segundo auxiliares de <a class=\"\" href=\"https:\/\/oglobo.globo.com\/tudo-sobre\/politico\/luiz-inacio-lula-da-silva\" rel=\"nofollow noopener\" target=\"_blank\">Lula<\/a>, h\u00e1 em <a class=\"\" href=\"https:\/\/oglobo.globo.com\/tudo-sobre\/categoria-de-materias\/brasilia\/\" rel=\"nofollow noopener\" target=\"_blank\">Bras\u00edlia<\/a> a percep\u00e7\u00e3o de que os <a class=\"\" href=\"https:\/\/oglobo.globo.com\/tudo-sobre\/pais\/estados-unidos\" rel=\"nofollow noopener\" target=\"_blank\">Estados Unidos<\/a> est\u00e3o corrigindo a rota por uma raz\u00e3o essencialmente pragm\u00e1tica: Washington teria percebido que n\u00e3o pode continuar relegando a rela\u00e7\u00e3o com o Brasil. <\/p>\n<ul class=\"content-unordered-list\">\n<li><strong>Ap\u00f3s aumentar tarifas sobre a China:<\/strong> <a class=\"\" href=\"https:\/\/oglobo.globo.com\/economia\/noticia\/2025\/10\/12\/apos-aumentar-tarifas-sobre-a-china-trump-diz-que-xi-jinping-teve-momento-ruim.ghtml?interno_origem=materiasoglobo&amp;interno_midia=recomendacaotema&amp;interno_campanha=oglobo.globo.com\/economia\/noticia\/2025\/10\/13\/exportacoes-chinesas-disparam-apesar-do-tarifaco-de-trump.ghtml\" rel=\"nofollow noopener\" target=\"_blank\">Trump diz que Xi Jinping &#8217;teve momento ruim&#8217;<\/a><\/li>\n<\/ul>\n<p class=\" content-text__container \" data-track-category=\"Link no Texto\" data-track-links=\"\"> Produtos amplamente consumidos pelos americanos, como caf\u00e9 e carnes, ficaram mais caros. Na conversa com <a class=\"\" href=\"https:\/\/oglobo.globo.com\/tudo-sobre\/politico\/luiz-inacio-lula-da-silva\" rel=\"nofollow noopener\" target=\"_blank\">Lula<\/a>, Trump teria comentado que o povo americano \u201csente falta do caf\u00e9 brasileiro\u201d. <\/p>\n<p class=\" content-text__container \" data-track-category=\"Link no Texto\" data-track-links=\"\"> Al\u00e9m disso, interlocutores do governo brasileiro avaliam que a pol\u00edtica de press\u00e3o conduzida pela Casa Branca n\u00e3o produziu os resultados esperados. Ainda assim, defendem cautela, \u00e0 espera das pr\u00f3ximas conversas entre autoridades dos dois pa\u00edses. <\/p>\n<p class=\" content-text__container \" data-track-category=\"Link no Texto\" data-track-links=\"\"> <a class=\"\" href=\"https:\/\/oglobo.globo.com\/tudo-sobre\/politico\/luiz-inacio-lula-da-silva\" rel=\"nofollow noopener\" target=\"_blank\">Lula<\/a> participou, nesta segunda-feira, do F\u00f3rum Mundial da Alimenta\u00e7\u00e3o, promovido pela Organiza\u00e7\u00e3o das Na\u00e7\u00f5es Unidas para Alimenta\u00e7\u00e3o e Agricultura (FAO). Tamb\u00e9m foi recebido pelo papa Le\u00e3o XIV, no Vaticano. <\/p>\n","protected":false},"excerpt":{"rendered":"Um dos principais integrantes da comitiva que acompanha o presidente Luiz In\u00e1cio Lula da Silva em viagem \u00e0&hellip;\n","protected":false},"author":2,"featured_media":13210,"comment_status":"","ping_status":"","sticky":false,"template":"","format":"standard","meta":{"footnotes":""},"categories":[142],"tags":[4178,1427,114,115,235,16430,1540,16429,25093,32,4177,33,4179,4242,151],"class_list":{"0":"post-109601","1":"post","2":"type-post","3":"status-publish","4":"format-standard","5":"has-post-thumbnail","7":"category-tv","8":"tag-alexandre-de-moraes","9":"tag-brasilia","10":"tag-entertainment","11":"tag-entretenimento","12":"tag-estados-unidos","13":"tag-foi-presidente-em-dois-mandatos-de-2003-a-2010","14":"tag-lula","15":"tag-lula-esta-em-seu-terceiro-mandato-politico-filiado-ao-partidos-dos-trabalhadores-pt","16":"tag-mauro-vieira","17":"tag-portugal","18":"tag-presidente-do-brasil","19":"tag-pt","20":"tag-stf","21":"tag-supremo-tribunal-federal","22":"tag-tv"},"share_on_mastodon":{"url":"","error":""},"_links":{"self":[{"href":"https:\/\/www.europesays.com\/pt\/wp-json\/wp\/v2\/posts\/109601","targetHints":{"allow":["GET"]}}],"collection":[{"href":"https:\/\/www.europesays.com\/pt\/wp-json\/wp\/v2\/posts"}],"about":[{"href":"https:\/\/www.europesays.com\/pt\/wp-json\/wp\/v2\/types\/post"}],"author":[{"embeddable":true,"href":"https:\/\/www.europesays.com\/pt\/wp-json\/wp\/v2\/users\/2"}],"replies":[{"embeddable":true,"href":"https:\/\/www.europesays.com\/pt\/wp-json\/wp\/v2\/comments?post=109601"}],"version-history":[{"count":0,"href":"https:\/\/www.europesays.com\/pt\/wp-json\/wp\/v2\/posts\/109601\/revisions"}],"wp:featuredmedia":[{"embeddable":true,"href":"https:\/\/www.europesays.com\/pt\/wp-json\/wp\/v2\/media\/13210"}],"wp:attachment":[{"href":"https:\/\/www.europesays.com\/pt\/wp-json\/wp\/v2\/media?parent=109601"}],"wp:term":[{"taxonomy":"category","embeddable":true,"href":"https:\/\/www.europesays.com\/pt\/wp-json\/wp\/v2\/categories?post=109601"},{"taxonomy":"post_tag","embeddable":true,"href":"https:\/\/www.europesays.com\/pt\/wp-json\/wp\/v2\/tags?post=109601"}],"curies":[{"name":"wp","href":"https:\/\/api.w.org\/{rel}","templated":true}]}}