{"id":109606,"date":"2025-10-13T21:12:22","date_gmt":"2025-10-13T21:12:22","guid":{"rendered":"https:\/\/www.europesays.com\/pt\/109606\/"},"modified":"2025-10-13T21:12:22","modified_gmt":"2025-10-13T21:12:22","slug":"agencia-minas-gerais-funed-reduz-tempo-de-liberacao-dos-exames","status":"publish","type":"post","link":"https:\/\/www.europesays.com\/pt\/109606\/","title":{"rendered":"Ag\u00eancia Minas Gerais | Funed reduz tempo de libera\u00e7\u00e3o dos exames"},"content":{"rendered":"<p>Tr\u00eas meses ap\u00f3s a implanta\u00e7\u00e3o do Sistema de Informa\u00e7\u00e3o Laboratorial (LIS) \u2013\u00a0Korus, na <a href=\"https:\/\/www.funed.mg.gov.br\/\" target=\"_blank\" rel=\"nofollow noopener\">Funda\u00e7\u00e3o Ezequiel Dias (Funed)<\/a>, os resultados j\u00e1 s\u00e3o expressivos. O tempo m\u00e9dio entre a chegada das amostras ao Laborat\u00f3rio Central de Sa\u00fade P\u00fablica de Minas Gerais (Lacen-MG) e a libera\u00e7\u00e3o dos laudos\u00a0caiu de 259 horas (m\u00e9dia de 11 dias) em junho,\u00a0para 70 horas (m\u00e9dia de tr\u00eas dias) em setembro de 2025.<\/p>\n<p>Segundo o presidente da Funed, Felipe Atti\u00ea, o Lacen-MG \u00e9 o primeiro do Brasil a adotar a ferramenta. \u201cAs atividades eram realizadas de forma manual h\u00e1 mais de uma d\u00e9cada. N\u00e3o havia um software no Lacen-MG. Nesta gest\u00e3o, a institui\u00e7\u00e3o \u00e9 pioneira ao implantar o sistema em seus laborat\u00f3rios. Com isso, estamos abrindo portas para que outros laborat\u00f3rios p\u00fablicos tamb\u00e9m possam modernizar os seus processos. J\u00e1 somos refer\u00eancia em diversos agravos e, agora, somos tamb\u00e9m em tempo de libera\u00e7\u00e3o dos exames\u201d, afirma o presidente.<\/p>\n<p><b>Controle e rastreabilidade<\/b><\/p>\n<p>O diretor do Instituto Oct\u00e1vio Magalh\u00e3es \/ Lacen-MG, Glauco Carvalho, destaca que o novo sistema trouxe maior controle de todo o processo laboratorial. \u201cDesde o recebimento das amostras, todo o gerenciamento e a rastreabilidade dos exames est\u00e3o integrados ao LIS\/Korus. A redu\u00e7\u00e3o do tempo de libera\u00e7\u00e3o dos resultados \u00e9 reflexo direto dos ganhos que essa automa\u00e7\u00e3o proporciona\u201d, observa.<\/p>\n<p>Para a coordenadora da Divis\u00e3o de Epidemiologia e Controle de Doen\u00e7as (DECD) da Funed, Josiane Barbosa, a implanta\u00e7\u00e3o do LIS trouxe tamb\u00e9m avan\u00e7os significativos na automa\u00e7\u00e3o e na integra\u00e7\u00e3o das etapas antes, durante e ap\u00f3s as an\u00e1lises. \u201cEstamos agora analisando os dados de junho a setembro, dos dois \u00faltimos anos. Isso porque a sazonalidade das doen\u00e7as e volume de exames influencia o tempo de libera\u00e7\u00e3o. Em per\u00edodos de alta demanda, como em epidemias de arboviroses, o fluxo de processamento dos exames naturalmente se altera\u201d, explica.<\/p>\n<p><b>Gest\u00e3o e intelig\u00eancia de dados<\/b><\/p>\n<p>Outro grande avan\u00e7o proporcionado pelo novo sistema \u00e9 o\u00a0<b>gerenciamento de dados por meio da ferramenta de\u00a0Business Intelligence\u00a0(BI)<\/b>. Em opera\u00e7\u00e3o desde agosto, o BI permite visualizar em tempo real o volume di\u00e1rio de exames recebidos pela Funed, os dias de maior demanda e as varia\u00e7\u00f5es desses n\u00fameros ao longo do tempo. \u201cA automatiza\u00e7\u00e3o dos processos e o monitoramento dos dados nos permitiram mensurar o que j\u00e1 perceb\u00edamos: atualmente,\u00a065% da demanda da DECD \u00e9 de exames de biologia molecular\u201d, destaca Josiane. A coordenadora ressalta ainda que o BI possibilita identificar, de forma imediata, exames fora do prazo, metas n\u00e3o atingidas e gargalos nos fluxos.<\/p>\n<p>Atualmente, mais de 90% dos exames cadastrados no Sistema Gerenciador Laboratorial do DataSUS, o GAL do Minist\u00e9rio da Sa\u00fade, j\u00e1 est\u00e3o integrados ao\u00a0Korus\u00a0Funed. O assessor da Presid\u00eancia da Funed, Hyllo Baeta, explica o motivo destes 10% de exames, ainda n\u00e3o estarem integrados ao\u00a0Korus. \u201cOs exames ainda n\u00e3o disponibilizados no novo sistema dependem de quest\u00f5es contratuais e de compatibilidade entre o sistema atual e o\u00a0Korus. Essa demanda j\u00e1 est\u00e1 no radar da equipe de Tecnologia da Informa\u00e7\u00e3o, que busca solu\u00e7\u00f5es para essa integra\u00e7\u00e3o e que teve papel fundamental na constru\u00e7\u00e3o das integra\u00e7\u00f5es entre o GAL e o sistema\u00a0Korus\u201d, afirma.<\/p>\n<p><b>H\u00e1 15 anos Lacen espera solu\u00e7\u00e3o<\/b><\/p>\n<p>Para a coordenadora da DECD, Josiane Barbosa, a adapta\u00e7\u00e3o dos servidores ao novo sistema tem sido muito positiva. \u201cToda mudan\u00e7a gera desconforto e resist\u00eancia, o que era esperado, j\u00e1 que alteramos um processo que vinha sendo feito da mesma forma h\u00e1 mais de 15 anos. Com o tempo e com os diversos treinamentos realizados, observamos grande evolu\u00e7\u00e3o na curva de aprendizado e o envolvimento das equipes na melhoria cont\u00ednua dos processos\u201d, afirma.<\/p>\n<p>O processo agora \u00e9 integrado, segundo B\u00e1rbara Andrade, chefe do Servi\u00e7o de Gerenciamento de Amostras Biol\u00f3gicas (Sgab). \u201cTudo era feito em papel, em cadernos. Agora temos rastreabilidade completa, com registro de usu\u00e1rio, data e hor\u00e1rio no sistema. Quando precisamos de relat\u00f3rios, conseguimos ger\u00e1-los em segundos, sem depender de planilhas manuais\u201d, conclui.<\/p>\n","protected":false},"excerpt":{"rendered":"Tr\u00eas meses ap\u00f3s a implanta\u00e7\u00e3o do Sistema de Informa\u00e7\u00e3o Laboratorial (LIS) \u2013\u00a0Korus, na Funda\u00e7\u00e3o Ezequiel Dias (Funed), os&hellip;\n","protected":false},"author":2,"featured_media":109607,"comment_status":"","ping_status":"","sticky":false,"template":"","format":"standard","meta":{"footnotes":""},"categories":[86],"tags":[1458,15739,6134,26037,116,26039,32,33,26038,117,605],"class_list":{"0":"post-109606","1":"post","2":"type-post","3":"status-publish","4":"format-standard","5":"has-post-thumbnail","7":"category-saude","8":"tag-de","9":"tag-dos","10":"tag-exames","11":"tag-funed","12":"tag-health","13":"tag-liberacao","14":"tag-portugal","15":"tag-pt","16":"tag-reduz","17":"tag-saude","18":"tag-tempo"},"share_on_mastodon":{"url":"","error":""},"_links":{"self":[{"href":"https:\/\/www.europesays.com\/pt\/wp-json\/wp\/v2\/posts\/109606","targetHints":{"allow":["GET"]}}],"collection":[{"href":"https:\/\/www.europesays.com\/pt\/wp-json\/wp\/v2\/posts"}],"about":[{"href":"https:\/\/www.europesays.com\/pt\/wp-json\/wp\/v2\/types\/post"}],"author":[{"embeddable":true,"href":"https:\/\/www.europesays.com\/pt\/wp-json\/wp\/v2\/users\/2"}],"replies":[{"embeddable":true,"href":"https:\/\/www.europesays.com\/pt\/wp-json\/wp\/v2\/comments?post=109606"}],"version-history":[{"count":0,"href":"https:\/\/www.europesays.com\/pt\/wp-json\/wp\/v2\/posts\/109606\/revisions"}],"wp:featuredmedia":[{"embeddable":true,"href":"https:\/\/www.europesays.com\/pt\/wp-json\/wp\/v2\/media\/109607"}],"wp:attachment":[{"href":"https:\/\/www.europesays.com\/pt\/wp-json\/wp\/v2\/media?parent=109606"}],"wp:term":[{"taxonomy":"category","embeddable":true,"href":"https:\/\/www.europesays.com\/pt\/wp-json\/wp\/v2\/categories?post=109606"},{"taxonomy":"post_tag","embeddable":true,"href":"https:\/\/www.europesays.com\/pt\/wp-json\/wp\/v2\/tags?post=109606"}],"curies":[{"name":"wp","href":"https:\/\/api.w.org\/{rel}","templated":true}]}}