{"id":109612,"date":"2025-10-13T21:16:09","date_gmt":"2025-10-13T21:16:09","guid":{"rendered":"https:\/\/www.europesays.com\/pt\/109612\/"},"modified":"2025-10-13T21:16:09","modified_gmt":"2025-10-13T21:16:09","slug":"zelensky-reivindica-avancos-do-exercito-ucraniano-observador","status":"publish","type":"post","link":"https:\/\/www.europesays.com\/pt\/109612\/","title":{"rendered":"Zelensky reivindica avan\u00e7os do Ex\u00e9rcito ucraniano \u2013 Observador"},"content":{"rendered":"<p>Acompanhe o nosso liveblog sobre a <a href=\"https:\/\/observador.pt\/liveblogs\/presidente-do-parlamento-ucraniano-recebido-em-berlim-regiao-de-zaporijia-sofre-570-ataques-durante-a-noite\/\" rel=\"nofollow noopener\" target=\"_blank\">guerra da Ucr\u00e2nia<\/a>.<\/p>\n<p>O Presidente da Ucr\u00e2nia reivindicou esta segunda-feira avan\u00e7os alcan\u00e7ados pelo Ex\u00e9rcito ucraniano nas zonas da frente em que as tropas de Kiev conseguiram recuperar a iniciativa e realizar contra-ataques e pediu mais apoio para defesa a\u00e9rea.<\/p>\n<p><strong>\u201cOs nossos resultados s\u00e3o poss\u00edveis porque j\u00e1 n\u00e3o temos o grande d\u00e9fice em armamento convencional que t\u00ednhamos antes\u201d,<\/strong> afirmou Volodymyr Zelensky, num discurso por videoconfer\u00eancia perante a Assembleia Parlamentar da Organiza\u00e7\u00e3o do Tratado do Atl\u00e2ntico Norte (NATO), reunida na Eslov\u00e9nia.<\/p>\n<p>Sem adiantar pormenores, Zelensky acrescentou que a <strong>Ucr\u00e2nia est\u00e1 a aumentar a produ\u00e7\u00e3o de armamento <\/strong>para suprir as car\u00eancias que ainda persistem nas suas For\u00e7as Armadas.<\/p>\n<p>No fim de semana, Zelensky afirmou que o Ex\u00e9rcito ucraniano conseguiu avan\u00e7ar tr\u00eas quil\u00f3metros nas proximidades da localidade de Orikhiv, na frente de Zapor\u00edjia.<\/p>\n<p>Anteriormente, o chefe do Ex\u00e9rcito ucraniano tinha informado da recupera\u00e7\u00e3o, nas \u00faltimas semanas, de cerca de 180 quil\u00f3metros quadrados pelas tropas ucranianas no sector de Dobropilia, na regi\u00e3o de Donetsk.<\/p>\n<p>Zelensky apelou ainda aos deputados dos pa\u00edses aliados presentes na reuni\u00e3o da Assembleia Parlamentar da NATO que trabalhem para convencer os respetivos governos a manter o apoio \u00e0 Ucr\u00e2nia com a maior rapidez poss\u00edvel, de forma a que Kiev possa enfrentar a atual campanha de bombardeamentos russos contra o sistema energ\u00e9tico ucraniano.<\/p>\n<p>Nesse sentido, aproveitou para agradecer aos pa\u00edses que j\u00e1 disponibilizaram fundos para que a Ucr\u00e2nia possa adquirir aos Estados Unidos m\u00edsseis antia\u00e9reos Patriot\u00a0e outros tipos de armamento que a administra\u00e7\u00e3o do Presidente Donald Trump est\u00e1 disposta a transferir para Kiev, desde que os pa\u00edses europeus assumam os custos.<\/p>\n<p>O Presidente ucraniano sublinhou a import\u00e2ncia de os fundos prometidos para a compra de mais armamento aos Estados Unidos, e ainda n\u00e3o entregues por alguns pa\u00edses, chegarem com urg\u00eancia.<\/p>\n<p>Zelensky apelou tamb\u00e9m a mais governos para que se juntem \u00e0 iniciativa de aquisi\u00e7\u00e3o de material militar a empresas norte-americanas.<\/p>\n<p>\u201cOs sistemas Patriot, NASAMS, SAMP\/T e outros s\u00e3o absolutamente vitais\u201d, afirmou Zelensky, referindo-se a estas tecnologias de defesa antia\u00e9rea que Kiev necessita para intercetar os m\u00edsseis russos que destroem centrais el\u00e9tricas e infraestruturas de g\u00e1s.<\/p>\n","protected":false},"excerpt":{"rendered":"Acompanhe o nosso liveblog sobre a guerra da Ucr\u00e2nia. O Presidente da Ucr\u00e2nia reivindicou esta segunda-feira avan\u00e7os alcan\u00e7ados&hellip;\n","protected":false},"author":2,"featured_media":109613,"comment_status":"","ping_status":"","sticky":false,"template":"","format":"standard","meta":{"footnotes":""},"categories":[50],"tags":[27,28,2537,445,15,16,1123,14,25,26,21,22,62,12,13,19,20,23,24,58,17,18,1124,29,30,31,63,64,65],"class_list":{"0":"post-109612","1":"post","2":"type-post","3":"status-publish","4":"format-standard","5":"has-post-thumbnail","7":"category-mundo","8":"tag-breaking-news","9":"tag-breakingnews","10":"tag-defesa","11":"tag-europa","12":"tag-featured-news","13":"tag-featurednews","14":"tag-guerra-na-ucru00e2nia","15":"tag-headlines","16":"tag-latest-news","17":"tag-latestnews","18":"tag-main-news","19":"tag-mainnews","20":"tag-mundo","21":"tag-news","22":"tag-noticias","23":"tag-noticias-principais","24":"tag-noticiasprincipais","25":"tag-principais-noticias","26":"tag-principaisnoticias","27":"tag-sociedade","28":"tag-top-stories","29":"tag-topstories","30":"tag-ucru00e2nia","31":"tag-ultimas","32":"tag-ultimas-noticias","33":"tag-ultimasnoticias","34":"tag-world","35":"tag-world-news","36":"tag-worldnews"},"share_on_mastodon":{"url":"","error":""},"_links":{"self":[{"href":"https:\/\/www.europesays.com\/pt\/wp-json\/wp\/v2\/posts\/109612","targetHints":{"allow":["GET"]}}],"collection":[{"href":"https:\/\/www.europesays.com\/pt\/wp-json\/wp\/v2\/posts"}],"about":[{"href":"https:\/\/www.europesays.com\/pt\/wp-json\/wp\/v2\/types\/post"}],"author":[{"embeddable":true,"href":"https:\/\/www.europesays.com\/pt\/wp-json\/wp\/v2\/users\/2"}],"replies":[{"embeddable":true,"href":"https:\/\/www.europesays.com\/pt\/wp-json\/wp\/v2\/comments?post=109612"}],"version-history":[{"count":0,"href":"https:\/\/www.europesays.com\/pt\/wp-json\/wp\/v2\/posts\/109612\/revisions"}],"wp:featuredmedia":[{"embeddable":true,"href":"https:\/\/www.europesays.com\/pt\/wp-json\/wp\/v2\/media\/109613"}],"wp:attachment":[{"href":"https:\/\/www.europesays.com\/pt\/wp-json\/wp\/v2\/media?parent=109612"}],"wp:term":[{"taxonomy":"category","embeddable":true,"href":"https:\/\/www.europesays.com\/pt\/wp-json\/wp\/v2\/categories?post=109612"},{"taxonomy":"post_tag","embeddable":true,"href":"https:\/\/www.europesays.com\/pt\/wp-json\/wp\/v2\/tags?post=109612"}],"curies":[{"name":"wp","href":"https:\/\/api.w.org\/{rel}","templated":true}]}}