{"id":109614,"date":"2025-10-13T21:18:37","date_gmt":"2025-10-13T21:18:37","guid":{"rendered":"https:\/\/www.europesays.com\/pt\/109614\/"},"modified":"2025-10-13T21:18:37","modified_gmt":"2025-10-13T21:18:37","slug":"chega-ganha-primeira-camara-da-sua-historia-sao-vicente-na-madeira","status":"publish","type":"post","link":"https:\/\/www.europesays.com\/pt\/109614\/","title":{"rendered":"Chega ganha primeira c\u00e2mara da sua hist\u00f3ria: S\u00e3o Vicente na Madeira"},"content":{"rendered":"<p>Jos\u00e9 Carlos Gon\u00e7alves, candidato do Chega, ganhou a C\u00e2mara de S\u00e3o Vicente no norte da Madeira. \u00c9 a primeira c\u00e2mara conquistada pelo partido. O Chega alcan\u00e7ou 49,2% dos votos (1.705 votos), com tr\u00eas mandatos, e venceu o PSD, que passou de mais de 74% para 38,93 % (1.348 votos), com dois mandatos. <\/p>\n<p>Ainda antes de os dados serem oficiais, Andr\u00e9 Ventura j\u00e1 fala em \u201cvit\u00f3ria\u201d \u00e0 entrada da sede do Chega no Hotel Marriott, em Lisboa, confirmando a conquista aut\u00e1rquica em S\u00e3o Vicente, na Madeira, e antecipando vit\u00f3rias nos distritos de Set\u00fabal e Santar\u00e9m. Sobre a Moita e Sesimbra, o l\u00edder do Chega disse que est\u00e1 a \u201cacompanhar os resultados\u201d, e tamb\u00e9m antecipa uma vit\u00f3ria no Entroncamento.<\/p>\n<p style=\"text-align: left;\">Para Ventura, os resultados a que teve acesso at\u00e9 agora \u201csignificam uma grande implanta\u00e7\u00e3o nacional do partido\u201d e um resultado hist\u00f3rico para um projeto com seis anos de exist\u00eancia e que\u00a0\u201ctorna-se hoje num partido de vit\u00f3rias aut\u00e1rquicas\u201d. \u201cO Chega venceu e vai liderar c\u00e2maras municipais e essa \u00e9 uma vit\u00f3ria. Torna-se l\u00edder em c\u00e2maras municipais para mostrar que \u00e9 poss\u00edvel governar sem corrup\u00e7\u00e3o e sem amiguismo\u201d, congratulou.<\/p>\n<p style=\"text-align: left;\">Questionado sobre resultados menos positivos em Faro e Sintra, onde apostou nas figuras mais medi\u00e1ticas do partido al\u00e9m do seu l\u00edder, Ventura disse apenas que \u201cno final da noite\u201d far\u00e1 \u201cas contas nas c\u00e2maras grandes\u201d e repetiu a declara\u00e7\u00e3o de vit\u00f3ria.<\/p>\n","protected":false},"excerpt":{"rendered":"Jos\u00e9 Carlos Gon\u00e7alves, candidato do Chega, ganhou a C\u00e2mara de S\u00e3o Vicente no norte da Madeira. \u00c9 a&hellip;\n","protected":false},"author":2,"featured_media":109615,"comment_status":"","ping_status":"","sticky":false,"template":"","format":"standard","meta":{"footnotes":""},"categories":[8],"tags":[27,28,15,16,14,25,26,21,22,12,13,19,20,32,23,24,33,17,18,29,30,31],"class_list":{"0":"post-109614","1":"post","2":"type-post","3":"status-publish","4":"format-standard","5":"has-post-thumbnail","7":"category-principais-noticias","8":"tag-breaking-news","9":"tag-breakingnews","10":"tag-featured-news","11":"tag-featurednews","12":"tag-headlines","13":"tag-latest-news","14":"tag-latestnews","15":"tag-main-news","16":"tag-mainnews","17":"tag-news","18":"tag-noticias","19":"tag-noticias-principais","20":"tag-noticiasprincipais","21":"tag-portugal","22":"tag-principais-noticias","23":"tag-principaisnoticias","24":"tag-pt","25":"tag-top-stories","26":"tag-topstories","27":"tag-ultimas","28":"tag-ultimas-noticias","29":"tag-ultimasnoticias"},"share_on_mastodon":{"url":"","error":""},"_links":{"self":[{"href":"https:\/\/www.europesays.com\/pt\/wp-json\/wp\/v2\/posts\/109614","targetHints":{"allow":["GET"]}}],"collection":[{"href":"https:\/\/www.europesays.com\/pt\/wp-json\/wp\/v2\/posts"}],"about":[{"href":"https:\/\/www.europesays.com\/pt\/wp-json\/wp\/v2\/types\/post"}],"author":[{"embeddable":true,"href":"https:\/\/www.europesays.com\/pt\/wp-json\/wp\/v2\/users\/2"}],"replies":[{"embeddable":true,"href":"https:\/\/www.europesays.com\/pt\/wp-json\/wp\/v2\/comments?post=109614"}],"version-history":[{"count":0,"href":"https:\/\/www.europesays.com\/pt\/wp-json\/wp\/v2\/posts\/109614\/revisions"}],"wp:featuredmedia":[{"embeddable":true,"href":"https:\/\/www.europesays.com\/pt\/wp-json\/wp\/v2\/media\/109615"}],"wp:attachment":[{"href":"https:\/\/www.europesays.com\/pt\/wp-json\/wp\/v2\/media?parent=109614"}],"wp:term":[{"taxonomy":"category","embeddable":true,"href":"https:\/\/www.europesays.com\/pt\/wp-json\/wp\/v2\/categories?post=109614"},{"taxonomy":"post_tag","embeddable":true,"href":"https:\/\/www.europesays.com\/pt\/wp-json\/wp\/v2\/tags?post=109614"}],"curies":[{"name":"wp","href":"https:\/\/api.w.org\/{rel}","templated":true}]}}