{"id":109624,"date":"2025-10-13T21:25:11","date_gmt":"2025-10-13T21:25:11","guid":{"rendered":"https:\/\/www.europesays.com\/pt\/109624\/"},"modified":"2025-10-13T21:25:11","modified_gmt":"2025-10-13T21:25:11","slug":"sporting-tem-plano-para-colmatar-possivel-saida-de-morten-hjulmand","status":"publish","type":"post","link":"https:\/\/www.europesays.com\/pt\/109624\/","title":{"rendered":"Sporting tem plano para colmatar poss\u00edvel sa\u00edda de Morten Hjulmand"},"content":{"rendered":"<p>&#8211; Advertisement &#8211;<\/p>\n<p><strong>O Sporting pode perder Morten Hjulmand no pr\u00f3ximo mercado de transfer\u00eancias. O emblema de Alvalade tem um plano para colmatar a sa\u00edda do dinamarqu\u00eas.<\/strong><\/p>\n<p>Morten Hjulmand continua a ser fortemente desejado pelo Manchester United, onde poder\u00e1 voltar a trabalhar com Ruben Amorim. O Sporting sabe que o m\u00e9dio \u00e9 visto como um dos jogadores mais desejados, mas somente estar\u00e1 disposto a negociar por valores elevados.<\/p>\n<p>De acordo com o jornal A Bola, o Sporting tem alvos identificados e dever\u00e1 ir ao mercado para fechar com um sucessor de Morten Hjulmand. Ainda assim, tal sa\u00edda dever\u00e1 dar mais espa\u00e7o a Rayan Lucas ou Jo\u00e3o Sim\u00f5es. Giorgi Kochorashvili \u00e9 igualmente visto como uma op\u00e7\u00e3o forte para ser titular no meio campo.<\/p>\n<p>Daniel Bragan\u00e7a est\u00e1 lesionado, mas nos pr\u00f3ximos meses far\u00e1 novamente parte do grupo orientado por Rui Borges. O Sporting j\u00e1 sabe que no ver\u00e3o vai perder Hidemasa Morita. O<a href=\"https:\/\/bolanarede.pt\/especial-bola-na-rede\/atualidade\/sporting-define-futuro-de-hidemasa-morita\/\" target=\"_blank\" rel=\"noreferrer noopener nofollow\"> japon\u00eas est\u00e1 a cumprir o seu \u00faltimo ano de contrato e n\u00e3o vai renovar<\/a>.<\/p>\n","protected":false},"excerpt":{"rendered":"&#8211; Advertisement &#8211; O Sporting pode perder Morten Hjulmand no pr\u00f3ximo mercado de transfer\u00eancias. O emblema de Alvalade&hellip;\n","protected":false},"author":2,"featured_media":109625,"comment_status":"","ping_status":"","sticky":false,"template":"","format":"standard","meta":{"footnotes":""},"categories":[87],"tags":[260,135,478,2075,32,479,33,34,134],"class_list":{"0":"post-109624","1":"post","2":"type-post","3":"status-publish","4":"format-standard","5":"has-post-thumbnail","7":"category-desporto","8":"tag-atualidade","9":"tag-desporto","10":"tag-destaques-bnr","11":"tag-morten-hjulmand","12":"tag-portugal","13":"tag-primeira-liga","14":"tag-pt","15":"tag-sporting","16":"tag-sports"},"share_on_mastodon":{"url":"","error":""},"_links":{"self":[{"href":"https:\/\/www.europesays.com\/pt\/wp-json\/wp\/v2\/posts\/109624","targetHints":{"allow":["GET"]}}],"collection":[{"href":"https:\/\/www.europesays.com\/pt\/wp-json\/wp\/v2\/posts"}],"about":[{"href":"https:\/\/www.europesays.com\/pt\/wp-json\/wp\/v2\/types\/post"}],"author":[{"embeddable":true,"href":"https:\/\/www.europesays.com\/pt\/wp-json\/wp\/v2\/users\/2"}],"replies":[{"embeddable":true,"href":"https:\/\/www.europesays.com\/pt\/wp-json\/wp\/v2\/comments?post=109624"}],"version-history":[{"count":0,"href":"https:\/\/www.europesays.com\/pt\/wp-json\/wp\/v2\/posts\/109624\/revisions"}],"wp:featuredmedia":[{"embeddable":true,"href":"https:\/\/www.europesays.com\/pt\/wp-json\/wp\/v2\/media\/109625"}],"wp:attachment":[{"href":"https:\/\/www.europesays.com\/pt\/wp-json\/wp\/v2\/media?parent=109624"}],"wp:term":[{"taxonomy":"category","embeddable":true,"href":"https:\/\/www.europesays.com\/pt\/wp-json\/wp\/v2\/categories?post=109624"},{"taxonomy":"post_tag","embeddable":true,"href":"https:\/\/www.europesays.com\/pt\/wp-json\/wp\/v2\/tags?post=109624"}],"curies":[{"name":"wp","href":"https:\/\/api.w.org\/{rel}","templated":true}]}}