{"id":109638,"date":"2025-10-13T21:36:06","date_gmt":"2025-10-13T21:36:06","guid":{"rendered":"https:\/\/www.europesays.com\/pt\/109638\/"},"modified":"2025-10-13T21:36:06","modified_gmt":"2025-10-13T21:36:06","slug":"dylan-perde-a-paciencia-na-cadeira-quente-e-promete-comer-o-miolo-a-pedro-jorge-secret-story","status":"publish","type":"post","link":"https:\/\/www.europesays.com\/pt\/109638\/","title":{"rendered":"Dylan perde a paci\u00eancia na \u2018Cadeira Quente\u2019 e promete \u201ccomer o miolo\u201d a Pedro Jorge &#8211; Secret Story"},"content":{"rendered":"<p style=\"margin-bottom:11px\">No Secret Story 9, o ambiente aqueceu durante a \u201cCadeira Quente\u201d. Dylan e Pedro Jorge protagonizaram uma das discuss\u00f5es mais intensas da semana, num momento que deixou a casa em total tens\u00e3o. O confronto come\u00e7ou com uma troca de opini\u00f5es acesa, mas rapidamente evoluiu para acusa\u00e7\u00f5es diretas. Durante o debate, Pedro Jorge foi acusado de levantar a voz \u00e0s mulheres, o que provocou a rea\u00e7\u00e3o imediata de v\u00e1rios colegas e desencadeou um clima de desconforto entre os concorrentes.<\/p>\n","protected":false},"excerpt":{"rendered":"No Secret Story 9, o ambiente aqueceu durante a \u201cCadeira Quente\u201d. Dylan e Pedro Jorge protagonizaram uma das&hellip;\n","protected":false},"author":2,"featured_media":109639,"comment_status":"","ping_status":"","sticky":false,"template":"","format":"standard","meta":{"footnotes":""},"categories":[142],"tags":[114,115,19033,19034,32,33,151,19032],"class_list":{"0":"post-109638","1":"post","2":"type-post","3":"status-publish","4":"format-standard","5":"has-post-thumbnail","7":"category-tv","8":"tag-entertainment","9":"tag-entretenimento","10":"tag-galas-em-video","11":"tag-melhores-momentos-casa-dos-segredos","12":"tag-portugal","13":"tag-pt","14":"tag-tv","15":"tag-videos-secret-story-tvi"},"share_on_mastodon":{"url":"","error":""},"_links":{"self":[{"href":"https:\/\/www.europesays.com\/pt\/wp-json\/wp\/v2\/posts\/109638","targetHints":{"allow":["GET"]}}],"collection":[{"href":"https:\/\/www.europesays.com\/pt\/wp-json\/wp\/v2\/posts"}],"about":[{"href":"https:\/\/www.europesays.com\/pt\/wp-json\/wp\/v2\/types\/post"}],"author":[{"embeddable":true,"href":"https:\/\/www.europesays.com\/pt\/wp-json\/wp\/v2\/users\/2"}],"replies":[{"embeddable":true,"href":"https:\/\/www.europesays.com\/pt\/wp-json\/wp\/v2\/comments?post=109638"}],"version-history":[{"count":0,"href":"https:\/\/www.europesays.com\/pt\/wp-json\/wp\/v2\/posts\/109638\/revisions"}],"wp:featuredmedia":[{"embeddable":true,"href":"https:\/\/www.europesays.com\/pt\/wp-json\/wp\/v2\/media\/109639"}],"wp:attachment":[{"href":"https:\/\/www.europesays.com\/pt\/wp-json\/wp\/v2\/media?parent=109638"}],"wp:term":[{"taxonomy":"category","embeddable":true,"href":"https:\/\/www.europesays.com\/pt\/wp-json\/wp\/v2\/categories?post=109638"},{"taxonomy":"post_tag","embeddable":true,"href":"https:\/\/www.europesays.com\/pt\/wp-json\/wp\/v2\/tags?post=109638"}],"curies":[{"name":"wp","href":"https:\/\/api.w.org\/{rel}","templated":true}]}}