{"id":109651,"date":"2025-10-13T21:46:11","date_gmt":"2025-10-13T21:46:11","guid":{"rendered":"https:\/\/www.europesays.com\/pt\/109651\/"},"modified":"2025-10-13T21:46:11","modified_gmt":"2025-10-13T21:46:11","slug":"o-mirante-ps-indisponivel-para-pelouros-e-acordo-de-governacao-em-santarem","status":"publish","type":"post","link":"https:\/\/www.europesays.com\/pt\/109651\/","title":{"rendered":"O MIRANTE | PS indispon\u00edvel para pelouros e acordo de governa\u00e7\u00e3o em Santar\u00e9m"},"content":{"rendered":"<p>     <img decoding=\"async\" src=\"https:\/\/www.europesays.com\/pt\/wp-content\/uploads\/2025\/10\/1760391971_883_mw-900.webp\" alt=\"PS indispon\u00edvel para pelouros e acordo de governa\u00e7\u00e3o em Santar\u00e9m\" title=\"PS indispon\u00edvel para pelouros e acordo de governa\u00e7\u00e3o em Santar\u00e9m\"\/>   <\/p>\n<p>O cabe\u00e7a de lista do PS \u00e0 presid\u00eancia da C\u00e2mara de Santar\u00e9m, Pedro Ribeiro, j\u00e1 deixou claro que no pr\u00f3ximo mandato os socialistas n\u00e3o v\u00e3o firmar qualquer acordo de governa\u00e7\u00e3o com o PSD na C\u00e2mara de Santar\u00e9m, ao contr\u00e1rio do que sucedeu no mandato que est\u00e1 prestes a terminar.<\/p>\n<p>O candidato do PS \u00e0 presid\u00eancia da C\u00e2mara de Santar\u00e9m, Pedro Ribeiro, j\u00e1 deixou claro que no pr\u00f3ximo mandato os socialistas n\u00e3o v\u00e3o firmar qualquer acordo de governa\u00e7\u00e3o com o PSD na C\u00e2mara de Santar\u00e9m, ao contr\u00e1rio do que sucedeu no mandato que est\u00e1 prestes a terminar. A correla\u00e7\u00e3o de for\u00e7as mant\u00e9m-se no executivo, com o PSD a governar sem maioria absoluta, com 4 eleitos, tantos como o PS e ainda um do Chega.<br \/>\u201cContas fechadas perdi por 4.6%. Isto d\u00e1 4-4-1. Na Assembleia Municipal tamb\u00e9m empat\u00e1mos em n\u00famero de mandatos. 11-11-4-1. Temos 8 juntas em 19. Seremos pois oposi\u00e7\u00e3o, porque foi isso que Santar\u00e9m escolheu. Oposi\u00e7\u00e3o sem pelouros. Sem acordos. Votaremos sempre a favor do que nos parecer bom para o Concelho. A democracia \u00e9 assim. Amanh\u00e3, como sempre afirmei, estarei a trabalhar, trabalharei at\u00e9 ao \u00faltimo dia. No final do m\u00eas regresso ao meu local de trabalho no Servi\u00e7o de Finan\u00e7as de Rio Maior. Um novo ciclo que a democracia \u00e9 assim mesmo. Obrigado a quem confiou em mim. Em quem confiou em n\u00f3s\u201d, escreveu.<\/p>\n","protected":false},"excerpt":{"rendered":"O cabe\u00e7a de lista do PS \u00e0 presid\u00eancia da C\u00e2mara de Santar\u00e9m, Pedro Ribeiro, j\u00e1 deixou claro que&hellip;\n","protected":false},"author":2,"featured_media":109652,"comment_status":"","ping_status":"","sticky":false,"template":"","format":"standard","meta":{"footnotes":""},"categories":[8],"tags":[27,28,15,16,14,6569,6568,25,26,21,22,12,13,19,20,32,23,24,33,3551,5314,17,18,29,30,31],"class_list":{"0":"post-109651","1":"post","2":"type-post","3":"status-publish","4":"format-standard","5":"has-post-thumbnail","7":"category-principais-noticias","8":"tag-breaking-news","9":"tag-breakingnews","10":"tag-featured-news","11":"tag-featurednews","12":"tag-headlines","13":"tag-jornal-regional","14":"tag-jornalismo-de-proximidade","15":"tag-latest-news","16":"tag-latestnews","17":"tag-main-news","18":"tag-mainnews","19":"tag-news","20":"tag-noticias","21":"tag-noticias-principais","22":"tag-noticiasprincipais","23":"tag-portugal","24":"tag-principais-noticias","25":"tag-principaisnoticias","26":"tag-pt","27":"tag-regiao","28":"tag-ribatejo","29":"tag-top-stories","30":"tag-topstories","31":"tag-ultimas","32":"tag-ultimas-noticias","33":"tag-ultimasnoticias"},"share_on_mastodon":{"url":"","error":""},"_links":{"self":[{"href":"https:\/\/www.europesays.com\/pt\/wp-json\/wp\/v2\/posts\/109651","targetHints":{"allow":["GET"]}}],"collection":[{"href":"https:\/\/www.europesays.com\/pt\/wp-json\/wp\/v2\/posts"}],"about":[{"href":"https:\/\/www.europesays.com\/pt\/wp-json\/wp\/v2\/types\/post"}],"author":[{"embeddable":true,"href":"https:\/\/www.europesays.com\/pt\/wp-json\/wp\/v2\/users\/2"}],"replies":[{"embeddable":true,"href":"https:\/\/www.europesays.com\/pt\/wp-json\/wp\/v2\/comments?post=109651"}],"version-history":[{"count":0,"href":"https:\/\/www.europesays.com\/pt\/wp-json\/wp\/v2\/posts\/109651\/revisions"}],"wp:featuredmedia":[{"embeddable":true,"href":"https:\/\/www.europesays.com\/pt\/wp-json\/wp\/v2\/media\/109652"}],"wp:attachment":[{"href":"https:\/\/www.europesays.com\/pt\/wp-json\/wp\/v2\/media?parent=109651"}],"wp:term":[{"taxonomy":"category","embeddable":true,"href":"https:\/\/www.europesays.com\/pt\/wp-json\/wp\/v2\/categories?post=109651"},{"taxonomy":"post_tag","embeddable":true,"href":"https:\/\/www.europesays.com\/pt\/wp-json\/wp\/v2\/tags?post=109651"}],"curies":[{"name":"wp","href":"https:\/\/api.w.org\/{rel}","templated":true}]}}