{"id":109659,"date":"2025-10-13T21:57:08","date_gmt":"2025-10-13T21:57:08","guid":{"rendered":"https:\/\/www.europesays.com\/pt\/109659\/"},"modified":"2025-10-13T21:57:08","modified_gmt":"2025-10-13T21:57:08","slug":"fc-porto-villas-boas-e-pavlidis-alvos-de-processos-disciplinares-2","status":"publish","type":"post","link":"https:\/\/www.europesays.com\/pt\/109659\/","title":{"rendered":"FC Porto, Villas-Boas e Pavlidis alvos de processos disciplinares"},"content":{"rendered":"<p>                    Devido \u00e0s cr\u00edticas dirigidas \u00e0 equipa de arbitragem liderada por V\u00edtor Ferreira, depois do jogo FC Porto B-Toreense (2-3), da s\u00e9tima jornada da II Liga, o emblema portista viu a Associa\u00e7\u00e3o Portuguesa de \u00c1rbitros de Futebol (APAF) fazer uma participa\u00e7\u00e3o, com o CD a dar hoje conta de abertura de um processo disciplinar.<\/p>\n<p>J\u00e1 o presidente do \u2018drag\u00f5es\u2019, Andr\u00e9 Villas-Boas, foi visado devido \u00e0s declara\u00e7\u00f5es proferidas na gala Portugal Football Globes, que aconteceu na passada semana, em Oeiras, e que deu origem a uma participa\u00e7\u00e3o por parte do bicampe\u00e3o nacional Sporting.<\/p>\n<p>Por \u00faltimo, o ponta de lan\u00e7a hel\u00e9nico Pavlidis tamb\u00e9m est\u00e1 sob al\u00e7ada disciplinar, face a uma participa\u00e7\u00e3o do FC Porto, que descortinou uma agress\u00e3o do jogador do Benfica a Gabri Veiga, no cl\u00e1ssico (0-0) da oitava jornada da I Liga portuguesa, disputado no Est\u00e1dio do Drag\u00e3o, no Porto. &#13;<\/p>\n","protected":false},"excerpt":{"rendered":"Devido \u00e0s cr\u00edticas dirigidas \u00e0 equipa de arbitragem liderada por V\u00edtor Ferreira, depois do jogo FC Porto B-Toreense&hellip;\n","protected":false},"author":2,"featured_media":109660,"comment_status":"","ping_status":"","sticky":false,"template":"","format":"standard","meta":{"footnotes":""},"categories":[87],"tags":[135,13,32,33,420,421,134],"class_list":{"0":"post-109659","1":"post","2":"type-post","3":"status-publish","4":"format-standard","5":"has-post-thumbnail","7":"category-desporto","8":"tag-desporto","9":"tag-noticias","10":"tag-portugal","11":"tag-pt","12":"tag-rtp","13":"tag-rtp-noticias","14":"tag-sports"},"share_on_mastodon":{"url":"","error":""},"_links":{"self":[{"href":"https:\/\/www.europesays.com\/pt\/wp-json\/wp\/v2\/posts\/109659","targetHints":{"allow":["GET"]}}],"collection":[{"href":"https:\/\/www.europesays.com\/pt\/wp-json\/wp\/v2\/posts"}],"about":[{"href":"https:\/\/www.europesays.com\/pt\/wp-json\/wp\/v2\/types\/post"}],"author":[{"embeddable":true,"href":"https:\/\/www.europesays.com\/pt\/wp-json\/wp\/v2\/users\/2"}],"replies":[{"embeddable":true,"href":"https:\/\/www.europesays.com\/pt\/wp-json\/wp\/v2\/comments?post=109659"}],"version-history":[{"count":0,"href":"https:\/\/www.europesays.com\/pt\/wp-json\/wp\/v2\/posts\/109659\/revisions"}],"wp:featuredmedia":[{"embeddable":true,"href":"https:\/\/www.europesays.com\/pt\/wp-json\/wp\/v2\/media\/109660"}],"wp:attachment":[{"href":"https:\/\/www.europesays.com\/pt\/wp-json\/wp\/v2\/media?parent=109659"}],"wp:term":[{"taxonomy":"category","embeddable":true,"href":"https:\/\/www.europesays.com\/pt\/wp-json\/wp\/v2\/categories?post=109659"},{"taxonomy":"post_tag","embeddable":true,"href":"https:\/\/www.europesays.com\/pt\/wp-json\/wp\/v2\/tags?post=109659"}],"curies":[{"name":"wp","href":"https:\/\/api.w.org\/{rel}","templated":true}]}}