{"id":109681,"date":"2025-10-13T22:12:07","date_gmt":"2025-10-13T22:12:07","guid":{"rendered":"https:\/\/www.europesays.com\/pt\/109681\/"},"modified":"2025-10-13T22:12:07","modified_gmt":"2025-10-13T22:12:07","slug":"sarampo-brasil-confirma-34-casos-neste-ano-e-ministerio-da-saude-emite-alerta","status":"publish","type":"post","link":"https:\/\/www.europesays.com\/pt\/109681\/","title":{"rendered":"Sarampo: Brasil confirma 34 casos neste ano e Minist\u00e9rio da Sa\u00fade emite alerta"},"content":{"rendered":"<p data-component-name=\"paragraph\" class=\"styles__ParagraphStyled-sc-6adecn-0 gsLklW  \">O <a href=\"https:\/\/www.estadao.com.br\/tudo-sobre\/ministerio-da-saude\/\" target=\"_blank\" rel=\"nofollow noopener\" title=\"https:\/\/www.estadao.com.br\/tudo-sobre\/ministerio-da-saude\/\"><strong>Minist\u00e9rio da Sa\u00fade (MS)<\/strong><\/a> emitiu um alerta nacional para os Estados e munic\u00edpios nesta sexta-feira, 10, sobre o aumento de casos de <a href=\"https:\/\/www.estadao.com.br\/tudo-sobre\/sarampo\/\" target=\"_blank\" rel=\"nofollow noopener\" title=\"https:\/\/www.estadao.com.br\/tudo-sobre\/sarampo\/\"><strong>sarampo<\/strong><\/a> no Pa\u00eds. Do in\u00edcio de janeiro at\u00e9 o momento, o Brasil registra 34 casos da doen\u00e7a. Os Estados do <a href=\"https:\/\/www.estadao.com.br\/tudo-sobre\/tocantins-estado\/\" target=\"_blank\" rel=\"nofollow noopener\" title=\"https:\/\/www.estadao.com.br\/tudo-sobre\/tocantins-estado\/\"><strong>Tocantins<\/strong><\/a>, <a href=\"https:\/\/www.estadao.com.br\/tudo-sobre\/maranhao-estado\/\" target=\"_blank\" rel=\"nofollow noopener\" title=\"https:\/\/www.estadao.com.br\/tudo-sobre\/maranhao-estado\/\"><strong>Maranh\u00e3o<\/strong><\/a> e <a href=\"https:\/\/www.estadao.com.br\/tudo-sobre\/mato-grosso-estado\/\" target=\"_blank\" rel=\"nofollow noopener\" title=\"https:\/\/www.estadao.com.br\/tudo-sobre\/mato-grosso-estado\/\"><strong>Mato Grosso<\/strong><\/a> chegaram a entrar em situa\u00e7\u00e3o de surto. A pasta solicita intensifica\u00e7\u00e3o da vacina\u00e7\u00e3o e da vigil\u00e2ncia em rela\u00e7\u00e3o a poss\u00edveis infec\u00e7\u00f5es. <\/p>\n<p data-component-name=\"paragraph\" class=\"styles__ParagraphStyled-sc-6adecn-0 gsLklW  \">De acordo com a pediatra Isabella Ballalai, diretora da Sociedade Brasileira de Imuniza\u00e7\u00f5es (SBIm), o cen\u00e1rio \u00e9 motivado por uma cobertura vacinal heterog\u00eanea. \u201cVoc\u00ea pode ter 95% (de cobertura vacinal) em um lugar, mas 10% em outro, por exemplo. Ent\u00e3o, nesses munic\u00edpios em que a cobertura \u00e9 baixa, os casos v\u00e3o surgindo at\u00e9 que voc\u00ea perde o controle\u201d, explica.<\/p>\n<p><img  loading=\"lazy\" class=\"lazy-load-img\"\/><\/p>\n<p>V\u00edrus do sarampo \u00e9 altamente contagioso\u00a0Foto:  nobeastsofierce\/Adobe Stock <\/p>\n<p>O esquema b\u00e1sico de vacina\u00e7\u00e3o \u00e9 composto por duas doses. A primeira \u00e9 aplicada aos 12 meses de idade e a segunda, aos 15 meses. Geralmente, \u00e9 utilizada a vacina tr\u00edplice viral, que protege contra sarampo, caxumba e rub\u00e9ola. O imunizante est\u00e1 dispon\u00edvel gratuitamente na rede p\u00fablica. Isabella destaca que a efic\u00e1cia \u00e9 de 98% e a vacina\u00e7\u00e3o \u00e9 a \u00fanica forma de preven\u00e7\u00e3o \u00e0 doen\u00e7a.<\/p>\n<p>Em 2024, o Brasil apresentou cobertura vacinal da tr\u00edplice viral de 95,7% para a primeira dose e 80,3% para a segunda dose. J\u00e1 os dados preliminares de 2025 indicam coberturas de 91,2% e 74,6%, respectivamente. De acordo com o MS, esses \u00edndices aumentam a vulnerabilidade para a circula\u00e7\u00e3o do v\u00edrus do sarampo, j\u00e1 que est\u00e3o abaixo da meta recomendada de 95%.<\/p>\n<p data-component-name=\"paragraph\" class=\"styles__ParagraphStyled-sc-6adecn-0 gsLklW  \">Dos 34 casos registrados no Brasil, nove s\u00e3o importados de pessoas que retornaram do exterior j\u00e1 infectadas. Outros 22 est\u00e3o relacionados a esses casos. J\u00e1 os outros tr\u00eas apresentam sequenciamento gen\u00f4mico compat\u00edvel com variantes que circulam em outros pa\u00edses.<\/p>\n<p data-component-name=\"paragraph\" class=\"styles__ParagraphStyled-sc-6adecn-0 gsLklW  \">Segundo Isabella, muitos pa\u00edses est\u00e3o vivendo um surto de sarampo, <a href=\"https:\/\/www.estadao.com.br\/saude\/o-que-o-surto-de-sarampo-nos-eua-representa-para-o-brasil-nprm\/\" target=\"_blank\" rel=\"nofollow noopener\" title=\"https:\/\/www.estadao.com.br\/saude\/o-que-o-surto-de-sarampo-nos-eua-representa-para-o-brasil-nprm\/\"><strong>como os Estados Unidos<\/strong><\/a>, destino frequente de brasileiros. A transmiss\u00e3o come\u00e7a justamente quando essas pessoas viajam, contraem a doen\u00e7a e retornam ao Brasil. Esses s\u00e3o os casos chamados de importados. \u201cO problema \u00e9 quando surgem infec\u00e7\u00f5es em pessoas que n\u00e3o viajaram. Isso significa que o v\u00edrus j\u00e1 est\u00e1 circulando na comunidade\u201d, destaca.<\/p>\n<p>Sarampo no mundo<\/p>\n<p data-component-name=\"paragraph\" class=\"styles__ParagraphStyled-sc-6adecn-0 gsLklW  \">De acordo com dados da <a href=\"https:\/\/www.estadao.com.br\/tudo-sobre\/oms-organizacao-mundial-de-saude\/\" target=\"_blank\" rel=\"nofollow noopener\" title=\"https:\/\/www.estadao.com.br\/tudo-sobre\/oms-organizacao-mundial-de-saude\/\"><strong>Organiza\u00e7\u00e3o Mundial da Sa\u00fade (OMS)<\/strong><\/a>, foram notificados mais de 360 mil casos suspeitos da doen\u00e7a em 173 pa\u00edses, e cerca de 164 mil deles foram confirmados. A maior parte dos registros veio da Regi\u00e3o do Mediterr\u00e2neo Oriental, com 34% dos casos, seguida pela \u00c1frica, com 23%, e pela Europa, com 18%.<\/p>\n<p data-component-name=\"paragraph\" class=\"styles__ParagraphStyled-sc-6adecn-0 gsLklW  \">Nas Am\u00e9ricas, o cen\u00e1rio tamb\u00e9m chama aten\u00e7\u00e3o. Foram confirmados 11.691 casos de sarampo e 25 mortes em dez pa\u00edses. O Canad\u00e1 liderou o n\u00famero de infec\u00e7\u00f5es, com pouco mais de 5 mil casos, seguido pelo M\u00e9xico, com 4.703, e pelos Estados Unidos, com 1.514. <\/p>\n<p data-component-name=\"paragraph\" class=\"styles__ParagraphStyled-sc-6adecn-0 gsLklW  \">Em mar\u00e7o deste ano, os Estados Unidos registraram o primeiro \u00f3bito em dez anos por conta da doen\u00e7a. A situa\u00e7\u00e3o aconteceu no in\u00edcio da gest\u00e3o de Robert F. Kennedy Jr. como secret\u00e1rio de Sa\u00fade e Servi\u00e7os Humanos, cargo equivalente ao de ministro da Sa\u00fade no Brasil. Kennedy Jr. j\u00e1 afirmou que a vacina tr\u00edplice viral estaria ligada ao autismo, uma alega\u00e7\u00e3o que foi estudada e desmentida \u2014 ou seja, n\u00e3o tem qualquer base cient\u00edfica.<\/p>\n<p data-component-name=\"paragraph\" class=\"styles__ParagraphStyled-sc-6adecn-0 gsLklW  \">Na Am\u00e9rica do Sul, a Bol\u00edvia enfrenta um surto ativo com 320 casos confirmados, enquanto o Paraguai registrou 50 casos, o Peru, 4, e a Argentina, 35.<\/p>\n<p data-component-name=\"paragraph\" class=\"styles__ParagraphStyled-sc-6adecn-0 gsLklW  \">Os dados da OMS apontam que os adolescentes e jovens adultos registram o maior n\u00famero absoluto de casos. Nas Am\u00e9ricas, 22% dos casos confirmados ocorreram entre pessoas de 10 a 19 anos, e 19% entre 20 e 29 anos. No entanto, quando se considera a taxa de incid\u00eancia proporcional \u00e0 popula\u00e7\u00e3o, os beb\u00eas com menos de 1 ano s\u00e3o os mais vulner\u00e1veis, com 6,6 casos para cada 100 mil habitantes.<\/p>\n<p>O que \u00e9 o sarampo?<\/p>\n<p data-component-name=\"paragraph\" class=\"styles__ParagraphStyled-sc-6adecn-0 gsLklW  \">O sarampo \u00e9 uma doen\u00e7a causada por um v\u00edrus do g\u00eanero Morbillivirus, de transmiss\u00e3o respirat\u00f3ria, assim como a covid-19, influenza e outras infec\u00e7\u00f5es virais. A doen\u00e7a causa um quadro de sa\u00fade preocupante e potencialmente fatal, especialmente para crian\u00e7as com menos de 2 anos. <\/p>\n<p>\u201cAt\u00e9 os anos 90, o sarampo era uma das principais causas de mortalidade infantil no Brasil\u201d, pontua Isabella.<\/p>\n<p>Os sintomas iniciais costumam ser parecidos com os de uma gripe: febre alta, tosse, coriza, conjuntivite e mal-estar. Depois de alguns dias, surgem manchas vermelhas pelo corpo, a principal marca da doen\u00e7a. Quando elas aparecem, o paciente pode estar transmitindo a doen\u00e7a h\u00e1 seis dias \u2014 a transmiss\u00e3o continua at\u00e9 quatro dias ap\u00f3s o surgimento dessas marcas.<\/p>\n<p>\u00c9 importante frisar que o v\u00edrus do sarampo \u00e9 considerado um dos mais contagiosos: um indiv\u00edduo com a doen\u00e7a pode infectar outros 16 que n\u00e3o estejam imunizados.<\/p>\n","protected":false},"excerpt":{"rendered":"O Minist\u00e9rio da Sa\u00fade (MS) emitiu um alerta nacional para os Estados e munic\u00edpios nesta sexta-feira, 10, sobre&hellip;\n","protected":false},"author":2,"featured_media":109682,"comment_status":"","ping_status":"","sticky":false,"template":"","format":"standard","meta":{"footnotes":""},"categories":[86],"tags":[1770,1772,1773,1775,1776,21136,26054,11393,1785,11395,26055,26056,116,7364,17925,11399,7367,1104,11400,15092,7491,11401,11405,1794,1795,26057,21145,26058,26059,26060,2785,26061,15095,15096,26062,32,33,1802,15099,26063,117,105,1803,11412,7380,11417,11418,10732,26064,1893,26065],"class_list":{"0":"post-109681","1":"post","2":"type-post","3":"status-publish","4":"format-standard","5":"has-post-thumbnail","7":"category-saude","8":"tag-3d","9":"tag-background","10":"tag-biology","11":"tag-blood","12":"tag-cancer","13":"tag-cells","14":"tag-contagion","15":"tag-contagious","16":"tag-disease","17":"tag-epidemic","18":"tag-epidemiology","19":"tag-germ","20":"tag-health","21":"tag-healthcare","22":"tag-hygiene","23":"tag-ill","24":"tag-illness","25":"tag-illustration","26":"tag-immune","27":"tag-infected","28":"tag-infection","29":"tag-infectious","30":"tag-measles","31":"tag-medical","32":"tag-medicine","33":"tag-microbe","34":"tag-microbiology","35":"tag-microscopic","36":"tag-molecules","37":"tag-morbilli","38":"tag-morbillivirus","39":"tag-organism","40":"tag-outbreak","41":"tag-pandemic","42":"tag-pathogen","43":"tag-portugal","44":"tag-pt","45":"tag-research","46":"tag-respiratory","47":"tag-rubeola","48":"tag-saude","49":"tag-science","50":"tag-scientific","51":"tag-sickness","52":"tag-system","53":"tag-vaccination","54":"tag-vaccine","55":"tag-viral","56":"tag-virology","57":"tag-virus","58":"tag-viruses"},"share_on_mastodon":{"url":"","error":""},"_links":{"self":[{"href":"https:\/\/www.europesays.com\/pt\/wp-json\/wp\/v2\/posts\/109681","targetHints":{"allow":["GET"]}}],"collection":[{"href":"https:\/\/www.europesays.com\/pt\/wp-json\/wp\/v2\/posts"}],"about":[{"href":"https:\/\/www.europesays.com\/pt\/wp-json\/wp\/v2\/types\/post"}],"author":[{"embeddable":true,"href":"https:\/\/www.europesays.com\/pt\/wp-json\/wp\/v2\/users\/2"}],"replies":[{"embeddable":true,"href":"https:\/\/www.europesays.com\/pt\/wp-json\/wp\/v2\/comments?post=109681"}],"version-history":[{"count":0,"href":"https:\/\/www.europesays.com\/pt\/wp-json\/wp\/v2\/posts\/109681\/revisions"}],"wp:featuredmedia":[{"embeddable":true,"href":"https:\/\/www.europesays.com\/pt\/wp-json\/wp\/v2\/media\/109682"}],"wp:attachment":[{"href":"https:\/\/www.europesays.com\/pt\/wp-json\/wp\/v2\/media?parent=109681"}],"wp:term":[{"taxonomy":"category","embeddable":true,"href":"https:\/\/www.europesays.com\/pt\/wp-json\/wp\/v2\/categories?post=109681"},{"taxonomy":"post_tag","embeddable":true,"href":"https:\/\/www.europesays.com\/pt\/wp-json\/wp\/v2\/tags?post=109681"}],"curies":[{"name":"wp","href":"https:\/\/api.w.org\/{rel}","templated":true}]}}