{"id":109770,"date":"2025-10-13T23:29:11","date_gmt":"2025-10-13T23:29:11","guid":{"rendered":"https:\/\/www.europesays.com\/pt\/109770\/"},"modified":"2025-10-13T23:29:11","modified_gmt":"2025-10-13T23:29:11","slug":"o-mirante-ja-ha-luz-verde-para-projecto-de-hotel-na-antiga-estalagem-do-gado-bravo","status":"publish","type":"post","link":"https:\/\/www.europesays.com\/pt\/109770\/","title":{"rendered":"O MIRANTE | J\u00e1 h\u00e1 luz verde para projecto de hotel na antiga estalagem do Gado Bravo"},"content":{"rendered":"<p>\u00c0 segunda revis\u00e3o foi de vez e os servi\u00e7os de urbanismo da C\u00e2mara de Vila Franca de Xira deram luz verde, na \u00faltima semana, ao projecto de reconstru\u00e7\u00e3o e reabilita\u00e7\u00e3o da ic\u00f3nica estalagem do Gado Bravo, situada na Recta do Cabo, na margem sul do Tejo. A informa\u00e7\u00e3o foi avan\u00e7ada pelo presidente do munic\u00edpio, Fernando Paulo Ferreira (PS), que j\u00e1 tinha anteriormente confirmado a entrada nos servi\u00e7os da c\u00e2mara de um projecto privado para reformular todo o espa\u00e7o e transform\u00e1-lo num hotel com centro de eventos. <br \/>O edif\u00edcio, recorde-se, est\u00e1 ao abandono h\u00e1 mais de tr\u00eas d\u00e9cadas e \u00e9 hoje uma mancha na paisagem. Depois de v\u00e1rias ideias de reabilita\u00e7\u00e3o que nunca sa\u00edram do papel ao longo dos anos, a antiga estalagem do Gado Bravo, na lez\u00edria de Vila Franca de Xira, voltou a ter novas inten\u00e7\u00f5es de reabilita\u00e7\u00e3o depois do Governo ter anunciado a constru\u00e7\u00e3o do novo aeroporto no concelho de Benavente. <br \/>Fernando Paulo Ferreira j\u00e1 tinha confirmado h\u00e1 ano e meio que o projecto teve de receber altera\u00e7\u00f5es para ir ao encontro da legisla\u00e7\u00e3o em vigor e que o avan\u00e7o da obra permitiria \u201cressuscitar um \u00edcone do Ribatejo com muita hist\u00f3ria e potencialidades\u201d. Um \u00edcone que, hoje em dia, \u00e9 apenas um edif\u00edcio devoluto e abandonado, como O MIRANTE j\u00e1 deu nota, sem partes do telhado e onde pouco mais resta que as paredes, que mancha a paisagem da lez\u00edria.<\/p>\n<p><strong>Isabel II e Paul McCartney entre os clientes ilustres<\/strong><br \/>A estalagem do Gado Bravo foi inaugurada em Outubro de 1952 e fechou portas em 1989, depois de v\u00e1rios anos em decl\u00ednio. O seu per\u00edodo \u00e1ureo foi registado nas d\u00e9cadas de 50 e 60 do s\u00e9culo passado, tendo ficado famosa por ter sido o espa\u00e7o escolhido por v\u00e1rias figuras internacionais para visitar o pa\u00eds. Foi o caso do m\u00fasico dos The Beatles, Paul McCartney e a namorada, Jane Asher, que ali pernoitaram em 1965 a prop\u00f3sito de uma visita a Lisboa. Em 1957, tamb\u00e9m a rainha de Inglaterra Isabel II esteve no espa\u00e7o. <br \/>O palco do sal\u00e3o recebeu concertos de nomes do fado como Am\u00e1lia Rodrigues, Alfredo Marceneiro, Fernando Farinha e Herm\u00ednia Silva. Passou de privados para as m\u00e3os da banca e aquando da crise do imobili\u00e1rio, em 2008, foi posto \u00e0 venda o edif\u00edcio e o terreno por 376 mil euros. Antes, em 2001, houve uma outra inten\u00e7\u00e3o de recupera\u00e7\u00e3o que nunca saiu do papel. O projecto contemplava a constru\u00e7\u00e3o de 116 quartos, um restaurante, pavilh\u00e3o multiusos e piscina com balne\u00e1rios de apoio, que nunca viu a luz do dia.<\/p>\n","protected":false},"excerpt":{"rendered":"\u00c0 segunda revis\u00e3o foi de vez e os servi\u00e7os de urbanismo da C\u00e2mara de Vila Franca de Xira&hellip;\n","protected":false},"author":2,"featured_media":109771,"comment_status":"","ping_status":"","sticky":false,"template":"","format":"standard","meta":{"footnotes":""},"categories":[85],"tags":[114,115,6569,6568,32,33,3551,5314],"class_list":{"0":"post-109770","1":"post","2":"type-post","3":"status-publish","4":"format-standard","5":"has-post-thumbnail","7":"category-entretenimento","8":"tag-entertainment","9":"tag-entretenimento","10":"tag-jornal-regional","11":"tag-jornalismo-de-proximidade","12":"tag-portugal","13":"tag-pt","14":"tag-regiao","15":"tag-ribatejo"},"share_on_mastodon":{"url":"","error":""},"_links":{"self":[{"href":"https:\/\/www.europesays.com\/pt\/wp-json\/wp\/v2\/posts\/109770","targetHints":{"allow":["GET"]}}],"collection":[{"href":"https:\/\/www.europesays.com\/pt\/wp-json\/wp\/v2\/posts"}],"about":[{"href":"https:\/\/www.europesays.com\/pt\/wp-json\/wp\/v2\/types\/post"}],"author":[{"embeddable":true,"href":"https:\/\/www.europesays.com\/pt\/wp-json\/wp\/v2\/users\/2"}],"replies":[{"embeddable":true,"href":"https:\/\/www.europesays.com\/pt\/wp-json\/wp\/v2\/comments?post=109770"}],"version-history":[{"count":0,"href":"https:\/\/www.europesays.com\/pt\/wp-json\/wp\/v2\/posts\/109770\/revisions"}],"wp:featuredmedia":[{"embeddable":true,"href":"https:\/\/www.europesays.com\/pt\/wp-json\/wp\/v2\/media\/109771"}],"wp:attachment":[{"href":"https:\/\/www.europesays.com\/pt\/wp-json\/wp\/v2\/media?parent=109770"}],"wp:term":[{"taxonomy":"category","embeddable":true,"href":"https:\/\/www.europesays.com\/pt\/wp-json\/wp\/v2\/categories?post=109770"},{"taxonomy":"post_tag","embeddable":true,"href":"https:\/\/www.europesays.com\/pt\/wp-json\/wp\/v2\/tags?post=109770"}],"curies":[{"name":"wp","href":"https:\/\/api.w.org\/{rel}","templated":true}]}}