{"id":10978,"date":"2025-08-01T00:48:09","date_gmt":"2025-08-01T00:48:09","guid":{"rendered":"https:\/\/www.europesays.com\/pt\/10978\/"},"modified":"2025-08-01T00:48:09","modified_gmt":"2025-08-01T00:48:09","slug":"ozzy-osbourne-achou-que-tour-ao-lado-do-motley-crue-fosse-acabar-em-tragedia","status":"publish","type":"post","link":"https:\/\/www.europesays.com\/pt\/10978\/","title":{"rendered":"Ozzy Osbourne achou que tour ao lado do M\u00f6tley Cr\u00fce fosse acabar em trag\u00e9dia"},"content":{"rendered":"<p>Qualquer pessoa minimamente familiarizada com o universo da m\u00fasica pesada sabe que alguns de seus protagonistas levavam \u2014 ou ainda levam \u2014 a vida de forma bastante intensa. O lend\u00e1rio Ozzy Osbourne, vocalista original do Black Sabbath, fazia parte desse grupo. <a href=\"https:\/\/whiplash.net\/materias\/news_832\/170217-motleycrue.html\" rel=\"nofollow noopener\" target=\"_blank\">Alguns integrantes do M\u00f6tley Cr\u00fce tamb\u00e9m se encaixavam nesse perfil.<\/a><\/p>\n<p><a href=\"https:\/\/whiplash.net\/bandas\/o\/ozzyosbourne.html\" class=\"linkBotao\" rel=\"nofollow noopener\" target=\"_blank\">Ozzy Osbourne &#8211; Mais Novidades<\/a><br \/><a target=\"_blank\" href=\"https:\/\/www.europesays.com\/pt\/wp-content\/uploads\/2025\/08\/ozzy_gets_me_through_video.jpg\"><img loading=\"lazy\" decoding=\"async\" src=\"https:\/\/www.europesays.com\/pt\/wp-content\/uploads\/2025\/08\/ozzy_gets_me_through_video.jpg\" class=\"widthConstrained\" width=\"700\" height=\"498\" alt=\"Foto: Reprodu\u00e7\u00e3o YouTube\"\/><\/a>Foto: Reprodu\u00e7\u00e3o YouTube<\/p>\n<p>CONTINUA DEPOIS DA PUBLICIDADE &#8211; CLI<\/p>\n<p>&#13;<br \/>\n&#13;<br \/>\n&#13;<br \/>\n&#13;<br \/>\n&#13;<br \/>\n&#13;<br \/>\n&#13;<br \/>\n&#13;<br \/>\n<a href=\"https:\/\/whiplash.net\/materias\/whiplash\/027002.html\" rel=\"nofollow noopener\" target=\"_blank\"><img decoding=\"async\" src=\"https:\/\/www.europesays.com\/pt\/wp-content\/uploads\/2025\/07\/1753993330_622_anunciar_diabo_336x280.gif\" loading=\"lazy\" width=\"336\" height=\"280\" class=\"widthConstrained\" style=\"background-color:#000000;display:block;\" alt=\"Anunciar bandas e shows de Rock e Heavy Metal\"\/><\/a>&#13;<\/p>\n<p>Em 1984, Ozzy liderava a banda batizada com seu nome, que at\u00e9 ent\u00e3o, j\u00e1 havia lan\u00e7ado tr\u00eas \u00e1lbuns de est\u00fadio: &#8220;Blizzard of Ozz&#8221; (1980), &#8220;Diary of a Madman&#8221; (1981) e &#8220;Bark at the Moon&#8221; (1983). O M\u00f6tley Cr\u00fce foi convidado para participar da etapa norte-americana da turn\u00ea de divulga\u00e7\u00e3o deste \u00faltimo trabalho e, como documentado anteriormente, os m\u00fasicos de ambas as bandas festejaram de forma exagerada durante toda a excurs\u00e3o.<\/p>\n<p>Em 2016, durante uma entrevista concedida a M. Shadows (vocalista do Avenged Sevenfold) e publicada pela <a href=\"https:\/\/www.loudersound.com\/bands-artists\/interviews\/ozzy-osbourne-interviewed-by-avenged-sevenfold-m-shadows\" rel=\"nofollow noopener\" target=\"_blank\">Metal Hammer<\/a>, Ozzy relembrou a turn\u00ea com o M\u00f6tley Cr\u00fce. O Pr\u00edncipe das Trevas admitiu que chegou a temer pelo pior.<\/p>\n<p>CONTINUA DEPOIS DA PUBLICIDADE &#8211; GOO<\/p>\n<p>&#13;<br \/>\n&#13;<br \/>\n&#13;<br \/>\n&#13;<br \/>\n<a href=\"https:\/\/whiplash.net\/materias\/whiplash\/027002.html\" rel=\"nofollow noopener\" target=\"_blank\"><img decoding=\"async\" src=\"https:\/\/www.europesays.com\/pt\/wp-content\/uploads\/2025\/07\/1753993330_622_anunciar_diabo_336x280.gif\" loading=\"lazy\" width=\"336\" height=\"280\" alt=\"Anunciar no Whiplash.Net\"\/><\/a>&#13;<br \/>\n&#13;<br \/>\n&#13;<br \/>\n&#13;<br \/>\n&#13;<br \/>\n&#13;<br \/>\n<a href=\"https:\/\/whiplash.net\/materias\/whiplash\/027002.html\" rel=\"nofollow noopener\" target=\"_blank\"><img decoding=\"async\" src=\"https:\/\/www.europesays.com\/pt\/wp-content\/uploads\/2025\/07\/1753993330_622_anunciar_diabo_336x280.gif\" loading=\"lazy\" width=\"336\" height=\"280\" class=\"widthConstrained\" style=\"background-color:#000000;display:block;\" alt=\"Anunciar bandas e shows de Rock e Heavy Metal\"\/><\/a>&#13;<\/p>\n<p>&#8220;Bem, a mais perigosa que j\u00e1 fiz pessoalmente foi minha turn\u00ea solo com o M\u00f6tley Cr\u00fce nos anos 80. Puta merda, foi uma loucura. \u00c9ramos como piratas. Eu disse ao meu empres\u00e1rio: &#8216;Puta merda, um de n\u00f3s vai morrer nessa turn\u00ea\u2019.&#8221;<\/p>\n<p>A previs\u00e3o de Ozzy Osbourne, felizmente, n\u00e3o se concretizou. No entanto, um epis\u00f3dio tr\u00e1gico marcou aquele ano: em dezembro, Razzle, baterista do Hanoi Rocks, morreu em um acidente de carro. <a href=\"https:\/\/whiplash.net\/materias\/diaadia_fatos\/194027-hanoirocks.html\" rel=\"nofollow noopener\" target=\"_blank\">Vince Neil, vocalista do M\u00f6tley Cr\u00fce, estava no volante.<\/a><\/p>\n<p>Ozzy Osbourne, infelizmente, n\u00e3o est\u00e1 mais entre n\u00f3s. Ele faleceu em 22 de julho deste ano, <a href=\"https:\/\/whiplash.net\/assuntos\/m\/morteozzyosbourne.html\" rel=\"nofollow noopener\" target=\"_blank\">apenas 17 dias ap\u00f3s realizar o \u00faltimo show de sua gloriosa carreira<\/a>.<\/p>\n<p>CONTINUA DEPOIS DA PUBLICIDADE &#8211; CLI<\/p>\n<p>&#13;<br \/>\n&#13;<br \/>\n&#13;<br \/>\n&#13;<br \/>\n&#13;<br \/>\n&#13;<br \/>\n&#13;<br \/>\n&#13;<br \/>\n<a href=\"https:\/\/whiplash.net\/materias\/whiplash\/027002.html\" rel=\"nofollow noopener\" target=\"_blank\"><img decoding=\"async\" src=\"https:\/\/www.europesays.com\/pt\/wp-content\/uploads\/2025\/07\/1753993330_622_anunciar_diabo_336x280.gif\" loading=\"lazy\" width=\"336\" height=\"280\" class=\"widthConstrained\" style=\"background-color:#000000;display:block;\" alt=\"Anunciar bandas e shows de Rock e Heavy Metal\"\/><\/a>&#13;<\/p>\n","protected":false},"excerpt":{"rendered":"Qualquer pessoa minimamente familiarizada com o universo da m\u00fasica pesada sabe que alguns de seus protagonistas levavam \u2014&hellip;\n","protected":false},"author":2,"featured_media":10979,"comment_status":"","ping_status":"","sticky":false,"template":"","format":"standard","meta":{"footnotes":""},"categories":[141],"tags":[114,115,149,150,32,33],"class_list":{"0":"post-10978","1":"post","2":"type-post","3":"status-publish","4":"format-standard","5":"has-post-thumbnail","7":"category-musica","8":"tag-entertainment","9":"tag-entretenimento","10":"tag-music","11":"tag-musica","12":"tag-portugal","13":"tag-pt"},"share_on_mastodon":{"url":"","error":""},"_links":{"self":[{"href":"https:\/\/www.europesays.com\/pt\/wp-json\/wp\/v2\/posts\/10978","targetHints":{"allow":["GET"]}}],"collection":[{"href":"https:\/\/www.europesays.com\/pt\/wp-json\/wp\/v2\/posts"}],"about":[{"href":"https:\/\/www.europesays.com\/pt\/wp-json\/wp\/v2\/types\/post"}],"author":[{"embeddable":true,"href":"https:\/\/www.europesays.com\/pt\/wp-json\/wp\/v2\/users\/2"}],"replies":[{"embeddable":true,"href":"https:\/\/www.europesays.com\/pt\/wp-json\/wp\/v2\/comments?post=10978"}],"version-history":[{"count":0,"href":"https:\/\/www.europesays.com\/pt\/wp-json\/wp\/v2\/posts\/10978\/revisions"}],"wp:featuredmedia":[{"embeddable":true,"href":"https:\/\/www.europesays.com\/pt\/wp-json\/wp\/v2\/media\/10979"}],"wp:attachment":[{"href":"https:\/\/www.europesays.com\/pt\/wp-json\/wp\/v2\/media?parent=10978"}],"wp:term":[{"taxonomy":"category","embeddable":true,"href":"https:\/\/www.europesays.com\/pt\/wp-json\/wp\/v2\/categories?post=10978"},{"taxonomy":"post_tag","embeddable":true,"href":"https:\/\/www.europesays.com\/pt\/wp-json\/wp\/v2\/tags?post=10978"}],"curies":[{"name":"wp","href":"https:\/\/api.w.org\/{rel}","templated":true}]}}