{"id":109789,"date":"2025-10-13T23:53:12","date_gmt":"2025-10-13T23:53:12","guid":{"rendered":"https:\/\/www.europesays.com\/pt\/109789\/"},"modified":"2025-10-13T23:53:12","modified_gmt":"2025-10-13T23:53:12","slug":"audio-novela-terra-forte-gravada-em-sc-estreia-na-proxima-segunda-na-amazon-cotidiano","status":"publish","type":"post","link":"https:\/\/www.europesays.com\/pt\/109789\/","title":{"rendered":"[\u00c1udio] Novela \u2018Terra Forte\u2019 gravada em SC, estreia na pr\u00f3xima segunda na Amazon &#8211; Cotidiano"},"content":{"rendered":"<p>O lan\u00e7amento da novela Terra Forte acontece nesta segunda-feira (13) no Cost\u00e3o do Santinho, em Florian\u00f3polis. A produ\u00e7\u00e3o, que teve grava\u00e7\u00f5es realizadas em diversas regi\u00f5es de Santa Catarina, ser\u00e1 exibida em mais de 90 pa\u00edses e estreia no pr\u00f3xima segunda-feira (20), na plataforma Prime Video.<\/p>\n<p>A trama, escrita por uma emissora portuguesa, foi idealizada com o objetivo de integrar uma estrat\u00e9gia de divulga\u00e7\u00e3o internacional do turismo catarinense. Segundo a secret\u00e1ria de Turismo do Estado, Catiane Seif, o projeto foi desenvolvido ao longo de dois anos e envolveu negocia\u00e7\u00f5es com emissoras internacionais para viabilizar a proposta.\u201cQuem nunca sonhou em conhecer um destino atrav\u00e9s de uma produ\u00e7\u00e3o audiovisual? Nova York, Rio de Janeiro, Los Angeles, v\u00e1rios \u00edcones tur\u00edsticos foram projetados ao mundo dessa forma e Santa Catarina n\u00e3o vai ficar de fora\u201d, afirmou a secret\u00e1ria.<\/p>\n<p>As grava\u00e7\u00f5es externas ocorreram principalmente em Florian\u00f3polis em v\u00e1rios pontos tur\u00edsticos de Florian\u00f3polis, como a Ponte Herc\u00edlio Luz e os bairros Santo Ant\u00f4nio de Lisboa e Ribeir\u00e3o da Ilha, de origem portuguesa. Tamb\u00e9m houve grava\u00e7\u00f5es no aeroporto, na Barra da Lagoa e no P\u00e2ntano do Sul.\u00a0<\/p>\n<p>\u00a0A cidade cenogr\u00e1fica foi constru\u00edda em Portugal, com refer\u00eancias \u00e0 serra catarinense, ao litoral, \u00e0s festas t\u00edpicas e \u00e0 gastronomia do estado.\u201cA novela vai retratar diversos aspectos da identidade catarinense. \u00c9 uma virada de chave para atrair o turismo internacional para o estado\u201d, destacou Catiane.<\/p>\n<p>Al\u00e9m da exibi\u00e7\u00e3o internacional, a novela poder\u00e1 ser acompanhada no Brasil por meio do streaming na Prime Video.<\/p>\n<p><strong>Ou\u00e7a a entrevista com\u00a0a secret\u00e1ria de Turismo do Estado, Catiane Seif:<\/strong><br \/>&#13;\n<\/p>\n<p><img loading=\"lazy\" decoding=\"async\" alt=\"Produ\u00e7\u00e3o da s\u00e9rie \" height=\"419\" src=\"https:\/\/www.europesays.com\/pt\/wp-content\/uploads\/2025\/10\/20250605_150026.jpg\" width=\"743\"\/><\/p>\n","protected":false},"excerpt":{"rendered":"O lan\u00e7amento da novela Terra Forte acontece nesta segunda-feira (13) no Cost\u00e3o do Santinho, em Florian\u00f3polis. A produ\u00e7\u00e3o,&hellip;\n","protected":false},"author":2,"featured_media":109790,"comment_status":"","ping_status":"","sticky":false,"template":"","format":"standard","meta":{"footnotes":""},"categories":[142],"tags":[13322,13324,5628,13320,10510,114,115,1914,13325,1133,13,987,32,3937,13321,33,13323,3551,3801,8767,13326,13327,151],"class_list":{"0":"post-109789","1":"post","2":"type-post","3":"status-publish","4":"format-standard","5":"has-post-thumbnail","7":"category-tv","8":"tag-4oito","9":"tag-adelor-lessa","10":"tag-blog","11":"tag-blogs","12":"tag-criciuma","13":"tag-entertainment","14":"tag-entretenimento","15":"tag-fm","16":"tag-lessa","17":"tag-noticia","18":"tag-noticias","19":"tag-portal","20":"tag-portugal","21":"tag-post","22":"tag-posts","23":"tag-pt","24":"tag-quatrooito","25":"tag-regiao","26":"tag-santa-catarina","27":"tag-sc","28":"tag-som-maior","29":"tag-sommaiorfm","30":"tag-tv"},"share_on_mastodon":{"url":"","error":""},"_links":{"self":[{"href":"https:\/\/www.europesays.com\/pt\/wp-json\/wp\/v2\/posts\/109789","targetHints":{"allow":["GET"]}}],"collection":[{"href":"https:\/\/www.europesays.com\/pt\/wp-json\/wp\/v2\/posts"}],"about":[{"href":"https:\/\/www.europesays.com\/pt\/wp-json\/wp\/v2\/types\/post"}],"author":[{"embeddable":true,"href":"https:\/\/www.europesays.com\/pt\/wp-json\/wp\/v2\/users\/2"}],"replies":[{"embeddable":true,"href":"https:\/\/www.europesays.com\/pt\/wp-json\/wp\/v2\/comments?post=109789"}],"version-history":[{"count":0,"href":"https:\/\/www.europesays.com\/pt\/wp-json\/wp\/v2\/posts\/109789\/revisions"}],"wp:featuredmedia":[{"embeddable":true,"href":"https:\/\/www.europesays.com\/pt\/wp-json\/wp\/v2\/media\/109790"}],"wp:attachment":[{"href":"https:\/\/www.europesays.com\/pt\/wp-json\/wp\/v2\/media?parent=109789"}],"wp:term":[{"taxonomy":"category","embeddable":true,"href":"https:\/\/www.europesays.com\/pt\/wp-json\/wp\/v2\/categories?post=109789"},{"taxonomy":"post_tag","embeddable":true,"href":"https:\/\/www.europesays.com\/pt\/wp-json\/wp\/v2\/tags?post=109789"}],"curies":[{"name":"wp","href":"https:\/\/api.w.org\/{rel}","templated":true}]}}