{"id":109801,"date":"2025-10-14T00:05:14","date_gmt":"2025-10-14T00:05:14","guid":{"rendered":"https:\/\/www.europesays.com\/pt\/109801\/"},"modified":"2025-10-14T00:05:14","modified_gmt":"2025-10-14T00:05:14","slug":"museu-nacional-frei-manuel-do-cenaculo-dedica-retrospetiva-a-emilia-nadal","status":"publish","type":"post","link":"https:\/\/www.europesays.com\/pt\/109801\/","title":{"rendered":"Museu Nacional Frei Manuel do Cen\u00e1culo dedica retrospetiva a Em\u00edlia Nadal"},"content":{"rendered":"<p>O Museu Nacional Frei Manuel do Cen\u00e1culo, em <a href=\"https:\/\/odigital.sapo.pt\/tag\/evora-2\/\" id=\"s-a-embed-68\" data-type=\"post_tag\" data-id=\"1168\" rel=\"nofollow noopener\" target=\"_blank\">\u00c9vora<\/a>, dedica uma exposi\u00e7\u00e3o retrospetiva \u00e0 artista pl\u00e1stica portuguesa Em\u00edlia Nadal, de 87 anos, que far\u00e1 uma performance na inaugura\u00e7\u00e3o, no s\u00e1bado.<\/p>\n<p>A exposi\u00e7\u00e3o \u201ctenta mostrar v\u00e1rias fases e metamorfoses\u201d do <a href=\"https:\/\/www.facebook.com\/JornalODigital\" target=\"_blank\" rel=\"noreferrer noopener nofollow\">percurso<\/a> art\u00edstico de Em\u00edlia Nadal, entre 1957 e 2015, abarcando sobretudo pintura, desenho e objetos, explicou hoje \u00e0 ag\u00eancia Lusa a diretora do museu nacional, Sandra Leandro.<\/p>\n<p>Esta retrospetiva foi comissariada por Sandra Leandro, em di\u00e1logo com a artista pl\u00e1stica que, na inaugura\u00e7\u00e3o, \u201cir\u00e1 fazer a performance \u2018Slogans Comest\u00edveis\u2019\u201d.<\/p>\n<p>De acordo com a diretora do museu nacional, a exposi\u00e7\u00e3o est\u00e1 dividida em sete n\u00facleos, nomeadamente \u201cAuto-retratos\u201d e \u201cSlogan\u2019s\u201d, e as obras expostas prov\u00eam de diversas cole\u00e7\u00f5es particulares e da Cole\u00e7\u00e3o de Arte Contempor\u00e2nea do Estado.<\/p>\n<p>Nascida em Lisboa em 1938, de ascend\u00eancia catal\u00e3, Em\u00edlia Nadal estudou na Escola de Artes Decorativas Ant\u00f3nio Arroio e na Escola Superior de Belas Artes de Lisboa, onde se licenciou em pintura em 1960.<\/p>\n<p>Tem forma\u00e7\u00e3o em cer\u00e2mica e gravura e foi bolseira da Funda\u00e7\u00e3o Gulbenkian para investiga\u00e7\u00e3o em artes visuais, sendo autora de diversos ensaios e artigos sobre educa\u00e7\u00e3o est\u00e9tica e ensino art\u00edstico.<\/p>\n<p>Em\u00edlia Nadal integrou o conselho consultivo da Funda\u00e7\u00e3o Calouste Gulbenkian e presidiu \u00e0 Sociedade Nacional de Belas Artes, em Lisboa.<\/p>\n<p>Entre as obras mais conhecidas da artista est\u00e3o \u201cSkop\u201d (1979), que representa uma caixa de detergente na qual est\u00e1 escrito que \u00e9 \u201cpara todos os programas de lavagem ao c\u00e9rebro\u201d, ou \u201cA esposa ideal\u201d (1976), t\u00edtulo de uma embalagem com o rosto de uma mulher estampado e a frase \u201cpronto a usar\u201d.<\/p>\n<p>A obra da artista visual, que tanto convoca o simbolismo religioso como o abstracionismo, arte figurativa e a pop art, encontra-se representada, por exemplo, nas cole\u00e7\u00f5es do Museu de Serralves, do Centro de Arte Moderna da Funda\u00e7\u00e3o Gulbenkian e da Galeria de Arte Contempor\u00e2nea do Funchal.<\/p>\n<p>Em 1959 foram-lhe atribu\u00eddos os Pr\u00e9mios Anuncia\u00e7\u00e3o e Lupi de Pintura da Academia Nacional de Belas Artes e em 1977 o Pr\u00e9mio Internacional de Desenho Joan Mir\u00f3.<\/p>\n<p>Em 2012, Em\u00edlia Nadal foi condecorada pelo ent\u00e3o Presidente da Rep\u00fablica, An\u00edbal Cavaco Silva, com o grau de Grande Oficial de M\u00e9rito Civil, e este ano foi distinguida com a medalha de m\u00e9rito cultural pelo Governo portugu\u00eas.<\/p>\n<p>A retrospetiva \u201cEm\u00edlia Nadal: espa\u00e7o, tempo e transcend\u00eancia \u2013 Uma retrospetiva\u201d ficar\u00e1 no Museu Nacional Frei Manuel do Cen\u00e1culo, em \u00c9vora, at\u00e9 11 de janeiro de 2026.<\/p>\n","protected":false},"excerpt":{"rendered":"O Museu Nacional Frei Manuel do Cen\u00e1culo, em \u00c9vora, dedica uma exposi\u00e7\u00e3o retrospetiva \u00e0 artista pl\u00e1stica portuguesa Em\u00edlia&hellip;\n","protected":false},"author":2,"featured_media":109802,"comment_status":"","ping_status":"","sticky":false,"template":"","format":"standard","meta":{"footnotes":""},"categories":[144],"tags":[207,205,206,203,201,202,204,114,115,32,33],"class_list":{"0":"post-109801","1":"post","2":"type-post","3":"status-publish","4":"format-standard","5":"has-post-thumbnail","7":"category-arte-e-design","8":"tag-arte","9":"tag-arte-e-design","10":"tag-artedesign","11":"tag-arts","12":"tag-arts-and-design","13":"tag-artsanddesign","14":"tag-design","15":"tag-entertainment","16":"tag-entretenimento","17":"tag-portugal","18":"tag-pt"},"share_on_mastodon":{"url":"","error":""},"_links":{"self":[{"href":"https:\/\/www.europesays.com\/pt\/wp-json\/wp\/v2\/posts\/109801","targetHints":{"allow":["GET"]}}],"collection":[{"href":"https:\/\/www.europesays.com\/pt\/wp-json\/wp\/v2\/posts"}],"about":[{"href":"https:\/\/www.europesays.com\/pt\/wp-json\/wp\/v2\/types\/post"}],"author":[{"embeddable":true,"href":"https:\/\/www.europesays.com\/pt\/wp-json\/wp\/v2\/users\/2"}],"replies":[{"embeddable":true,"href":"https:\/\/www.europesays.com\/pt\/wp-json\/wp\/v2\/comments?post=109801"}],"version-history":[{"count":0,"href":"https:\/\/www.europesays.com\/pt\/wp-json\/wp\/v2\/posts\/109801\/revisions"}],"wp:featuredmedia":[{"embeddable":true,"href":"https:\/\/www.europesays.com\/pt\/wp-json\/wp\/v2\/media\/109802"}],"wp:attachment":[{"href":"https:\/\/www.europesays.com\/pt\/wp-json\/wp\/v2\/media?parent=109801"}],"wp:term":[{"taxonomy":"category","embeddable":true,"href":"https:\/\/www.europesays.com\/pt\/wp-json\/wp\/v2\/categories?post=109801"},{"taxonomy":"post_tag","embeddable":true,"href":"https:\/\/www.europesays.com\/pt\/wp-json\/wp\/v2\/tags?post=109801"}],"curies":[{"name":"wp","href":"https:\/\/api.w.org\/{rel}","templated":true}]}}