{"id":109803,"date":"2025-10-14T00:06:08","date_gmt":"2025-10-14T00:06:08","guid":{"rendered":"https:\/\/www.europesays.com\/pt\/109803\/"},"modified":"2025-10-14T00:06:08","modified_gmt":"2025-10-14T00:06:08","slug":"21-paises-pactuam-comunicado-ministerial-para-o-desenvolvimento-das-politicas-de-leitura-escrita-e-oralidade-ministerio-da-cultura","status":"publish","type":"post","link":"https:\/\/www.europesays.com\/pt\/109803\/","title":{"rendered":"21 pa\u00edses pactuam Comunicado Ministerial para o desenvolvimento das pol\u00edticas de leitura, escrita e oralidade \u2014 Minist\u00e9rio da Cultura"},"content":{"rendered":"<p>21 pa\u00edses em tratativas para o fortalecimento e renova\u00e7\u00e3o do trabalho sobre pol\u00edticas de leitura nos campos cultural e educacional de todos os pa\u00edses da regi\u00e3o. Com esse objetivo aconteceu, no Museu de Arte do Rio de Janeiro (MAR), nesta segunda-feira (13), a 37\u00aa reuni\u00e3o ordin\u00e1ria do Centro Regional para o Fomento do Livro na Am\u00e9rica Latina e o Caribe (Cerlalc). O encontro, agregou as delega\u00e7\u00f5es dos pa\u00edses ibero-americanos membros do Centro e da Unesco, e marcou a passagem de bast\u00e3o do Brasil, que preside a Cerlalc, representado pelo Minist\u00e9rio da Cultura (MinC), para a Col\u00f4mbia.<\/p>\n<p>Conduzindo a reuni\u00e3o, juntamente com o Cerlalc, o secret\u00e1rio-Executivo do MinC e ministro substituto, M\u00e1rcio Tavares, ressaltou a contribui\u00e7\u00e3o que a literatura pode dar para a forma\u00e7\u00e3o do pensamento cr\u00edtico, para a criatividade, para a participa\u00e7\u00e3o ativa em sociedade, e os desafios comuns a serem trabalhados no pr\u00f3ximo ciclo.<\/p>\n<p>\u201cTemos como, por exemplo, a diversidade cultural, a diversidade lingu\u00edstica, a incorpora\u00e7\u00e3o da dimens\u00e3o da oralidade junto da dimens\u00e3o da escrita. No momento em que a intelig\u00eancia artificial tem se transformado em um item que, como falaram aqui, por um lado gera oportunidades, por outro pode gerar desafios cr\u00edticos e se n\u00f3s n\u00e3o tivermos sucesso regulat\u00f3rio em comum e esse esfor\u00e7o exige coopera\u00e7\u00e3o entre os nossos pa\u00edses, n\u00f3s vamos ter dificuldades\u201d, frisou.<\/p>\n<p>Margarita Cu\u00e9llar Barona, diretora do Cerlalc, ressaltou a import\u00e2ncia do evento, e agradeceu a ampla participa\u00e7\u00e3o e colabora\u00e7\u00e3o da plen\u00e1ria. \u201cO Cerlalc \u00e9 um centro que atua na regi\u00e3o h\u00e1 meio s\u00e9culo. Mas que, atualmente, digamos que o panorama, que a leitura teve muitos momentos e acredito que estamos diante de uma muta\u00e7\u00e3o cultural que afeta as pr\u00e1ticas de leitura. Isto, somado \u00e0s lacunas persistentes na educa\u00e7\u00e3o. Tudo isso cria um panorama que devemos enfrentar\u201d.<\/p>\n<p>O secret\u00e1rio de Forma\u00e7\u00e3o Art\u00edstica e Cultural, Livro e Leitura do MinC, Fabiano Pi\u00faba, falou sobre a Pol\u00edtica Nacional de Leitura e Escrita (PNLE), de que o MinC e o Minist\u00e9rio da Educa\u00e7\u00e3o (MEC) est\u00e3o construindo o novo PNLL que traz uma agenda estrat\u00e9gica importante, um mapa de navega\u00e7\u00e3o para os pr\u00f3ximos 10 anos no Brasil. \u201cO exerc\u00edcio pleno da democracia passa pelo exerc\u00edcio pleno do direito cultural e do direito internacional. Ou seja, n\u00e3o podemos dissociar o fortalecimento do estado democr\u00e1tico de direito dos nossos pa\u00edses sem passar pela efetividade do direito ao livro e a leitura em nossos pa\u00edses\u201d, apontou.<\/p>\n<p>O diretor do Livro, Leitura, Literatura e Bibliotecas do MinC, J\u00e9ferson Assun\u00e7\u00e3o, dialogou sobre o cen\u00e1rio do livro e de leitores na regi\u00e3o. \u201cO desafio de que as pol\u00edticas precisam estar conectadas com essa atualiza\u00e7\u00e3o da ideia do que temos de leitura, com todas as quest\u00f5es tecnol\u00f3gicas, toda a desmaterializa\u00e7\u00e3o das artes que tamb\u00e9m impactam o livro. Ent\u00e3o temos reflex\u00f5es importantes a se fazer hoje sobre o modo como se ler\u201d.<\/p>\n<p>Durante o evento foi pactuada e apresentado o Comunicado Ministerial com uma agenda de trabalho para a pr\u00f3xima d\u00e9cada a fim de que possam enfrentar, de forma consensual e coletiva, os desafios.<\/p>\n<p>A passagem de bast\u00e3o para a Col\u00f4mbia representa um marco hist\u00f3rico, j\u00e1 que o pa\u00eds vizinho mant\u00e9m a sede f\u00edsica da Cerlalc h\u00e1 50 anos e, pela primeira vez, assume a presid\u00eancia do conselho. O Comit\u00ea Executivo para o bi\u00eanio 2026-2027 tamb\u00e9m foi eleito, com a participa\u00e7\u00e3o da Rep\u00fablica Dominicana, Panam\u00e1, Espanha, Per\u00fa, Costa Rica e Chile, Unesco e pelos Ministros das Rela\u00e7\u00f5es Exteriores e da Educa\u00e7\u00e3o da Col\u00f4mbia ou seus delegados.<\/p>\n","protected":false},"excerpt":{"rendered":"21 pa\u00edses em tratativas para o fortalecimento e renova\u00e7\u00e3o do trabalho sobre pol\u00edticas de leitura nos campos cultural&hellip;\n","protected":false},"author":2,"featured_media":109804,"comment_status":"","ping_status":"","sticky":false,"template":"","format":"standard","meta":{"footnotes":""},"categories":[143],"tags":[169,114,115,170,32,33],"class_list":{"0":"post-109803","1":"post","2":"type-post","3":"status-publish","4":"format-standard","5":"has-post-thumbnail","7":"category-livros","8":"tag-books","9":"tag-entertainment","10":"tag-entretenimento","11":"tag-livros","12":"tag-portugal","13":"tag-pt"},"share_on_mastodon":{"url":"","error":""},"_links":{"self":[{"href":"https:\/\/www.europesays.com\/pt\/wp-json\/wp\/v2\/posts\/109803","targetHints":{"allow":["GET"]}}],"collection":[{"href":"https:\/\/www.europesays.com\/pt\/wp-json\/wp\/v2\/posts"}],"about":[{"href":"https:\/\/www.europesays.com\/pt\/wp-json\/wp\/v2\/types\/post"}],"author":[{"embeddable":true,"href":"https:\/\/www.europesays.com\/pt\/wp-json\/wp\/v2\/users\/2"}],"replies":[{"embeddable":true,"href":"https:\/\/www.europesays.com\/pt\/wp-json\/wp\/v2\/comments?post=109803"}],"version-history":[{"count":0,"href":"https:\/\/www.europesays.com\/pt\/wp-json\/wp\/v2\/posts\/109803\/revisions"}],"wp:featuredmedia":[{"embeddable":true,"href":"https:\/\/www.europesays.com\/pt\/wp-json\/wp\/v2\/media\/109804"}],"wp:attachment":[{"href":"https:\/\/www.europesays.com\/pt\/wp-json\/wp\/v2\/media?parent=109803"}],"wp:term":[{"taxonomy":"category","embeddable":true,"href":"https:\/\/www.europesays.com\/pt\/wp-json\/wp\/v2\/categories?post=109803"},{"taxonomy":"post_tag","embeddable":true,"href":"https:\/\/www.europesays.com\/pt\/wp-json\/wp\/v2\/tags?post=109803"}],"curies":[{"name":"wp","href":"https:\/\/api.w.org\/{rel}","templated":true}]}}