{"id":109805,"date":"2025-10-14T00:07:17","date_gmt":"2025-10-14T00:07:17","guid":{"rendered":"https:\/\/www.europesays.com\/pt\/109805\/"},"modified":"2025-10-14T00:07:17","modified_gmt":"2025-10-14T00:07:17","slug":"em-hotel-lidia-rodrigues-fica-inquieta-com-descoberta-sobre-concorrentes-de-secret-story-chocada","status":"publish","type":"post","link":"https:\/\/www.europesays.com\/pt\/109805\/","title":{"rendered":"Em hotel, L\u00eddia Rodrigues fica inquieta com descoberta sobre concorrentes de &#8220;Secret Story&#8221;: &#8220;Chocada&#8221;"},"content":{"rendered":"<p>Foi com total espanto que L\u00eddia Rodrigues descobriu, pela boca de Cristina Ferreira, que Marisa Pires e Pedro Jorge s\u00e3o um casal. Expulsa da nona edi\u00e7\u00e3o de &#8220;Secret Story &#8211; Casa dos Segredos&#8221;, a jovem n\u00e3o imaginava que os dois concorrentes do reality show da <a href=\"https:\/\/tvi.iol.pt\/\" target=\"_blank\" rel=\"nofollow noopener\">TVI<\/a> s\u00e3o marido e mulher e t\u00eam dois filhos.<\/p>\n<p>J\u00e1 num hotel, L\u00eddia Rodrigues teve a oportunidade de assistir ao v\u00eddeo de um momento que aconteceu noutra gala de &#8220;<a href=\"https:\/\/tvi.iol.pt\/secretstory\/\" target=\"_blank\" rel=\"nofollow noopener\">Secret Story<\/a> &#8211; Casa dos Segredos&#8221;. Nas imagens, <a href=\"https:\/\/selfie.iol.pt\/famosos\/casa-dos-segredos-9\/secret-story-marisa-nao-sabe-mas-tem-motivo-para-celebrar-viagem-cheia-de-sorrisos\/20251013\/68ed1eeed34e58bc6796d860\" target=\"_blank\" rel=\"nofollow noopener\">Marisa Pires<\/a> e Pedro Jorge surgem a dar um beijo na boca, no confession\u00e1rio, enquanto falavam com a apresentadora.<\/p>\n<p>&#8220;Sigo chocada&#8230;&#8221;, escreveu a agora ex-moradora da mans\u00e3o da Malveira, que se mostra boquiaberta ao ver a cumplicidade entre os dois colegas.<\/p>\n<p>Veja, agora, o v\u00eddeo de <a href=\"https:\/\/selfie.iol.pt\/famosos\/casa-dos-segredos-9\/fora-de-secret-story-lidia-rodrigues-faz-revelacao-estou-assustada\/20251013\/68ed0faad34ee0c2fed133a7\" target=\"_blank\" rel=\"nofollow noopener\">L\u00eddia Rodrigues<\/a>.<\/p>\n","protected":false},"excerpt":{"rendered":"Foi com total espanto que L\u00eddia Rodrigues descobriu, pela boca de Cristina Ferreira, que Marisa Pires e Pedro&hellip;\n","protected":false},"author":2,"featured_media":109806,"comment_status":"","ping_status":"","sticky":false,"template":"","format":"standard","meta":{"footnotes":""},"categories":[142],"tags":[3539,2632,13471,6338,328,166,114,115,6309,980,1015,19044,26090,19184,21766,619,14646,21416,32,33,1014,1315,6985,16687,16686,1012,6986,16688,151,162],"class_list":{"0":"post-109805","1":"post","2":"type-post","3":"status-publish","4":"format-standard","5":"has-post-thumbnail","7":"category-tv","8":"tag-apresentadora","9":"tag-casa-dos-segredos","10":"tag-casa-dos-segredos-9","11":"tag-concorrente","12":"tag-concorrentes","13":"tag-cristina-ferreira","14":"tag-entertainment","15":"tag-entretenimento","16":"tag-ex-concorrente","17":"tag-famosos","18":"tag-instagram","19":"tag-lidia","20":"tag-lidia-rodrigues","21":"tag-marisa","22":"tag-marisa-pires","23":"tag-nacional","24":"tag-pedro","25":"tag-pedro-jorge","26":"tag-portugal","27":"tag-pt","28":"tag-reality-show","29":"tag-secret-story","30":"tag-secret-story-casa-dos-segredos","31":"tag-secret-story-casa-dos-segredos-9","32":"tag-secret-story-9","33":"tag-selfie","34":"tag-ss","35":"tag-ss9","36":"tag-tv","37":"tag-tvi"},"share_on_mastodon":{"url":"","error":""},"_links":{"self":[{"href":"https:\/\/www.europesays.com\/pt\/wp-json\/wp\/v2\/posts\/109805","targetHints":{"allow":["GET"]}}],"collection":[{"href":"https:\/\/www.europesays.com\/pt\/wp-json\/wp\/v2\/posts"}],"about":[{"href":"https:\/\/www.europesays.com\/pt\/wp-json\/wp\/v2\/types\/post"}],"author":[{"embeddable":true,"href":"https:\/\/www.europesays.com\/pt\/wp-json\/wp\/v2\/users\/2"}],"replies":[{"embeddable":true,"href":"https:\/\/www.europesays.com\/pt\/wp-json\/wp\/v2\/comments?post=109805"}],"version-history":[{"count":0,"href":"https:\/\/www.europesays.com\/pt\/wp-json\/wp\/v2\/posts\/109805\/revisions"}],"wp:featuredmedia":[{"embeddable":true,"href":"https:\/\/www.europesays.com\/pt\/wp-json\/wp\/v2\/media\/109806"}],"wp:attachment":[{"href":"https:\/\/www.europesays.com\/pt\/wp-json\/wp\/v2\/media?parent=109805"}],"wp:term":[{"taxonomy":"category","embeddable":true,"href":"https:\/\/www.europesays.com\/pt\/wp-json\/wp\/v2\/categories?post=109805"},{"taxonomy":"post_tag","embeddable":true,"href":"https:\/\/www.europesays.com\/pt\/wp-json\/wp\/v2\/tags?post=109805"}],"curies":[{"name":"wp","href":"https:\/\/api.w.org\/{rel}","templated":true}]}}