{"id":109813,"date":"2025-10-14T00:17:10","date_gmt":"2025-10-14T00:17:10","guid":{"rendered":"https:\/\/www.europesays.com\/pt\/109813\/"},"modified":"2025-10-14T00:17:10","modified_gmt":"2025-10-14T00:17:10","slug":"sondagem-gouveia-e-melo-a-frente-seguro-ultrapassa-ventura-observador","status":"publish","type":"post","link":"https:\/\/www.europesays.com\/pt\/109813\/","title":{"rendered":"Sondagem. Gouveia e Melo \u00e0 frente, Seguro ultrapassa Ventura \u2013 Observador"},"content":{"rendered":"<p>Uma nova sondagem para as elei\u00e7\u00f5es presidenciais de 2026, publicada esta segunda-feira<a href=\"https:\/\/cnnportugal.iol.pt\/presidenciais-2026\/eleicoes\/sondagem-gouveia-e-melo-vence-em-todos-os-cenarios-das-presidenciais\/20251013\/68ed43f2d34e58bc6796d995\" rel=\"nofollow noopener\" target=\"_blank\"> pela TVI\/CNN Portugal<\/a>, mostra o almirante Henrique Gouveia e Melo<strong> \u00e0 frente nas inten\u00e7\u00f5es de voto<\/strong> (26,9%). Numa eventual segunda volta, o candidato independente tamb\u00e9m vencia todos os candidatos atualmente conhecidos.<\/p>\n<p>Atr\u00e1s de Henrique Gouveia e Melo est\u00e1 o antigo presidente do PSD, Lu\u00eds Marques Mendes, que angaria 20,3% das inten\u00e7\u00f5es de voto. Nesta sondagem, ao contr\u00e1rio da publicada domingo, o terceiro lugar pertence ao ex-secret\u00e1rio-geral do PS Ant\u00f3nio Jos\u00e9 Seguro, que surge com 18,4% das inten\u00e7\u00f5es de voto e, assim, ultrapassa o l\u00edder do Chega, Andr\u00e9 Ventura, que se fica por 13,9% das inten\u00e7\u00f5es de voto.<\/p>\n<p>Em quinto lugar est\u00e1 o ex-presidente da Iniciativa Liberal Jo\u00e3o Cotrim de Figueiredo, que re\u00fane 9,1% das inten\u00e7\u00f5es de voto. Segue-se o porta-voz do Livre, Rui Tavares (que n\u00e3o entrou na corrida das elei\u00e7\u00f5es presidenciais oficialmente), com 2,9%. O ex-deputado comunista Ant\u00f3nio Filipe re\u00fane 2,5%, enquanto a antiga coordenadora do Bloco de Esquerda, Catarina Martins, tem 1,9% das inten\u00e7\u00f5es de voto.<\/p>\n<p><b>[<\/b><b>H\u00e1 um novo candidato a Bel\u00e9m. Soares fica em choque com o an\u00fancio do amigo que considera irm\u00e3o. Freitas elege Zenha como principal advers\u00e1rio<\/b>.<b>\u00a0<\/b><b>A\u00a0<a href=\"https:\/\/observador.pt\/programas\/a-eleio-mais-louca-de-sempre\/episodio-2-uma-traicao-inesperada\/\" rel=\"nofollow noopener\" target=\"_blank\">\u201cElei\u00e7\u00e3o Mais Louca de Sempre\u201d<\/a>\u00a0\u00e9 o novo Podcast Plus do Observador sobre as Presidenciais de 1986. Uma s\u00e9rie narrada pelo ator Gon\u00e7alo Waddington, com banda sonora original de Samuel \u00daria. Pode ouvir\u00a0<a href=\"https:\/\/observador.pt\/programas\/a-eleio-mais-louca-de-sempre\/episodio-2-uma-traicao-inesperada\/\" rel=\"nofollow noopener\" target=\"_blank\">aqui<\/a>, no<\/b><b>\u00a0Observador<\/b><b>, e tamb\u00e9m na\u00a0<\/b><a href=\"https:\/\/podcasts.apple.com\/pt\/podcast\/epis%C3%B3dio-2-uma-trai%C3%A7%C3%A3o-inesperada\/id1841273464?i=1000730472608\" rel=\"nofollow noopener\" target=\"_blank\"><b>Apple Podcasts<\/b><\/a><b>, no\u00a0<\/b><a href=\"https:\/\/open.spotify.com\/episode\/5l0pvWqUeYvacXEQiA4mXP?si=5add75ae255a42c1\" rel=\"nofollow noopener\" target=\"_blank\"><b>Spotify<\/b><\/a><b>\u00a0e no\u00a0<\/b><a href=\"https:\/\/music.youtube.com\/watch?v=BLnES6MoViY&amp;si=OzNSgj-0hTibGgN3\" rel=\"nofollow noopener\" target=\"_blank\"><b>Youtube Music<\/b><\/a><b>. E pode ouvir o primeiro epis\u00f3dio\u00a0<a href=\"https:\/\/observador.pt\/programas\/a-eleio-mais-louca-de-sempre\/estreia-a-eleicao-mais-louca-de-sempre-episodio-1-apostamos-no-cavalo-errado\/\" rel=\"nofollow noopener\" target=\"_blank\">aqui<\/a>.]<\/b><\/p>\n<p><a href=\"https:\/\/observador.pt\/programas\/a-eleio-mais-louca-de-sempre\/episodio-2-uma-traicao-inesperada\/\" rel=\"nofollow noopener\" target=\"_blank\"><\/p>\n<p>        <img src=\"https:\/\/www.europesays.com\/pt\/wp-content\/uploads\/2025\/10\/fundov1-a-eleicao-mais-louca-de-sempre.jpg\" alt=\"\" loading=\"lazy\" decoding=\"async\" class=\"alignnone\" onload=\"this.parentElement.classList.remove('spinner')\" onerror=\"this.parentElement.classList.remove('spinner')\" width=\"1440\" height=\"810\"\/>    <\/p>\n<p><\/a><\/p>\n<p>Numa eventual segunda volta, <strong>Henrique Gouveia e Melo vencia todos os candidatos.\u00a0<\/strong>O almirante obteria 42% das inten\u00e7\u00f5es de voto contra o antigo presidente do PSD, que se fica pelos 37%. O antigo coordenador da task force\u00a0para a vacina\u00e7\u00e3o da Covid-19 angaria ainda 44% das inten\u00e7\u00f5es de voto contra Ant\u00f3nio Jos\u00e9 Seguro (37%).<\/p>\n<p>Henrique Gouveia e Melo obteria 63% das inten\u00e7\u00f5es de voto caso defrontasse Andr\u00e9 Ventura numa segunda volta (15%). Tamb\u00e9m Lu\u00eds Marques Mendes (62 contra 19%) e Ant\u00f3nio Jos\u00e9 Seguro (61 contra 21%) venceriam o l\u00edder do Chega com relativa facilidade. J\u00e1 num poss\u00edvel confronto entre o ex-presidente do PSD e o o ex-secret\u00e1rio-geral do PS, \u00e9 o social-democrata que est\u00e1 em vantagem, ainda que seja ligeira (40 contra 37%).<\/p>\n<p>Esta sondagem foi realizada pela\u00a0Pitag\u00f3rica para a TVI, CNN Portugal, TSF e JN com o objetivo de avaliar a opini\u00e3o sobre as elei\u00e7\u00f5es presidenciais de 2026. O trabalho de campo foi feito entre os dias 6 e 10 de outubro de 2025. A sondagem conta com 625 inquiridos e tem uma margem de erro de 4%.<\/p>\n<p>                            Se tiver uma hist\u00f3ria que queira partilhar sobre irregularidades na sua autarquia, preencha<br \/>\n                            <a href=\"https:\/\/forms.gle\/uQ1gDpSwmRd7ezUf8\" target=\"_blank\" rel=\"noopener noreferrer nofollow\">este formul\u00e1rio an\u00f3nimo<\/a>.<\/p>\n","protected":false},"excerpt":{"rendered":"Uma nova sondagem para as elei\u00e7\u00f5es presidenciais de 2026, publicada esta segunda-feira pela TVI\/CNN Portugal, mostra o almirante&hellip;\n","protected":false},"author":2,"featured_media":109814,"comment_status":"","ping_status":"","sticky":false,"template":"","format":"standard","meta":{"footnotes":""},"categories":[8],"tags":[7605,3368,26091,27,28,1077,15,16,14,25,26,7604,21,22,12,13,19,20,3369,57,302,32,1076,23,24,455,4579,33,58,17,18,29,30,31],"class_list":{"0":"post-109813","1":"post","2":"type-post","3":"status-publish","4":"format-standard","5":"has-post-thumbnail","7":"category-principais-noticias","8":"tag-almirante-gouveia-e-melo","9":"tag-andru00e9-ventura","10":"tag-antu00f3nio-josu00e9-seguro","11":"tag-breaking-news","12":"tag-breakingnews","13":"tag-eleiu00e7u00f5es","14":"tag-featured-news","15":"tag-featurednews","16":"tag-headlines","17":"tag-latest-news","18":"tag-latestnews","19":"tag-luu00eds-marques-mendes","20":"tag-main-news","21":"tag-mainnews","22":"tag-news","23":"tag-noticias","24":"tag-noticias-principais","25":"tag-noticiasprincipais","26":"tag-partido-chega","27":"tag-pau00eds","28":"tag-polu00edtica","29":"tag-portugal","30":"tag-presidenciais-2026","31":"tag-principais-noticias","32":"tag-principaisnoticias","33":"tag-ps","34":"tag-psd","35":"tag-pt","36":"tag-sociedade","37":"tag-top-stories","38":"tag-topstories","39":"tag-ultimas","40":"tag-ultimas-noticias","41":"tag-ultimasnoticias"},"share_on_mastodon":{"url":"","error":""},"_links":{"self":[{"href":"https:\/\/www.europesays.com\/pt\/wp-json\/wp\/v2\/posts\/109813","targetHints":{"allow":["GET"]}}],"collection":[{"href":"https:\/\/www.europesays.com\/pt\/wp-json\/wp\/v2\/posts"}],"about":[{"href":"https:\/\/www.europesays.com\/pt\/wp-json\/wp\/v2\/types\/post"}],"author":[{"embeddable":true,"href":"https:\/\/www.europesays.com\/pt\/wp-json\/wp\/v2\/users\/2"}],"replies":[{"embeddable":true,"href":"https:\/\/www.europesays.com\/pt\/wp-json\/wp\/v2\/comments?post=109813"}],"version-history":[{"count":0,"href":"https:\/\/www.europesays.com\/pt\/wp-json\/wp\/v2\/posts\/109813\/revisions"}],"wp:featuredmedia":[{"embeddable":true,"href":"https:\/\/www.europesays.com\/pt\/wp-json\/wp\/v2\/media\/109814"}],"wp:attachment":[{"href":"https:\/\/www.europesays.com\/pt\/wp-json\/wp\/v2\/media?parent=109813"}],"wp:term":[{"taxonomy":"category","embeddable":true,"href":"https:\/\/www.europesays.com\/pt\/wp-json\/wp\/v2\/categories?post=109813"},{"taxonomy":"post_tag","embeddable":true,"href":"https:\/\/www.europesays.com\/pt\/wp-json\/wp\/v2\/tags?post=109813"}],"curies":[{"name":"wp","href":"https:\/\/api.w.org\/{rel}","templated":true}]}}