{"id":109817,"date":"2025-10-14T00:20:12","date_gmt":"2025-10-14T00:20:12","guid":{"rendered":"https:\/\/www.europesays.com\/pt\/109817\/"},"modified":"2025-10-14T00:20:12","modified_gmt":"2025-10-14T00:20:12","slug":"capa-de-livro-brasileiro-e-eleita-uma-das-50-melhores-do-ano-segundo-instituto-americano","status":"publish","type":"post","link":"https:\/\/www.europesays.com\/pt\/109817\/","title":{"rendered":"Capa de livro brasileiro \u00e9 eleita uma das 50 melhores do ano, segundo instituto americano"},"content":{"rendered":"<p>A capa premiada traz uma sobreposi\u00e7\u00e3o de acetato transparente envolvendo a imagem do artista nova-iorquino, considerado um dos mais influentes da hist\u00f3ria da m\u00fasica. O amarelo \u00e9 uma refer\u00eancia \u00e0 banana do disco The Velvet Underground &amp; Nico, em capa concebida por <strong>Andy Warhol<\/strong>. <\/p>\n<p>\u201cCada projeto \u00e9 uma tentativa de transformar o livro em uma experi\u00eancia sensorial\u201d, afirmou Iaccarino, em comunicado enviado \u00e0 imprensa. \u201cSaber que leitores e jurados s\u00e3o tocados por esse olhar \u00e9 profundamente gratificante.\u201d<\/p>\n","protected":false},"excerpt":{"rendered":"A capa premiada traz uma sobreposi\u00e7\u00e3o de acetato transparente envolvendo a imagem do artista nova-iorquino, considerado um dos&hellip;\n","protected":false},"author":2,"featured_media":109818,"comment_status":"","ping_status":"","sticky":false,"template":"","format":"standard","meta":{"footnotes":""},"categories":[143],"tags":[26092,1772,174,169,26093,26094,11026,26095,17011,377,26096,114,115,19119,26097,26098,7110,26099,26100,26101,26102,17559,170,26103,11905,8590,4198,10682,26104,26105,32,33,26106,26107,192,1802,5038,26108,26109,105,26110,26111,26112,23511,26113,25273,4051,26114,18558,26115],"class_list":{"0":"post-109817","1":"post","2":"type-post","3":"status-publish","4":"format-standard","5":"has-post-thumbnail","7":"category-livros","8":"tag-academic","9":"tag-background","10":"tag-book","11":"tag-books","12":"tag-bookshelf","13":"tag-bookstore","14":"tag-collection","15":"tag-college","16":"tag-cover","17":"tag-culture","18":"tag-education","19":"tag-entertainment","20":"tag-entretenimento","21":"tag-group","22":"tag-hardcover","23":"tag-heap","24":"tag-information","25":"tag-knowledge","26":"tag-learn","27":"tag-library","28":"tag-literary","29":"tag-literature","30":"tag-livros","31":"tag-many","32":"tag-nobody","33":"tag-object","34":"tag-old","35":"tag-paper","36":"tag-pattern","37":"tag-pile","38":"tag-portugal","39":"tag-pt","40":"tag-publication","41":"tag-read","42":"tag-reading","43":"tag-research","44":"tag-retro","45":"tag-row","46":"tag-school","47":"tag-science","48":"tag-shelf","49":"tag-shelfs","50":"tag-stack","51":"tag-study","52":"tag-textbook","53":"tag-tower","54":"tag-training","55":"tag-university","56":"tag-vintage","57":"tag-wisdom"},"share_on_mastodon":{"url":"","error":""},"_links":{"self":[{"href":"https:\/\/www.europesays.com\/pt\/wp-json\/wp\/v2\/posts\/109817","targetHints":{"allow":["GET"]}}],"collection":[{"href":"https:\/\/www.europesays.com\/pt\/wp-json\/wp\/v2\/posts"}],"about":[{"href":"https:\/\/www.europesays.com\/pt\/wp-json\/wp\/v2\/types\/post"}],"author":[{"embeddable":true,"href":"https:\/\/www.europesays.com\/pt\/wp-json\/wp\/v2\/users\/2"}],"replies":[{"embeddable":true,"href":"https:\/\/www.europesays.com\/pt\/wp-json\/wp\/v2\/comments?post=109817"}],"version-history":[{"count":0,"href":"https:\/\/www.europesays.com\/pt\/wp-json\/wp\/v2\/posts\/109817\/revisions"}],"wp:featuredmedia":[{"embeddable":true,"href":"https:\/\/www.europesays.com\/pt\/wp-json\/wp\/v2\/media\/109818"}],"wp:attachment":[{"href":"https:\/\/www.europesays.com\/pt\/wp-json\/wp\/v2\/media?parent=109817"}],"wp:term":[{"taxonomy":"category","embeddable":true,"href":"https:\/\/www.europesays.com\/pt\/wp-json\/wp\/v2\/categories?post=109817"},{"taxonomy":"post_tag","embeddable":true,"href":"https:\/\/www.europesays.com\/pt\/wp-json\/wp\/v2\/tags?post=109817"}],"curies":[{"name":"wp","href":"https:\/\/api.w.org\/{rel}","templated":true}]}}