{"id":109827,"date":"2025-10-14T00:31:16","date_gmt":"2025-10-14T00:31:16","guid":{"rendered":"https:\/\/www.europesays.com\/pt\/109827\/"},"modified":"2025-10-14T00:31:16","modified_gmt":"2025-10-14T00:31:16","slug":"benfica-representa-20-do-total-dos-salarios-do-campeonato-observador","status":"publish","type":"post","link":"https:\/\/www.europesays.com\/pt\/109827\/","title":{"rendered":"Benfica representa 20% do total dos sal\u00e1rios do Campeonato \u2013 Observador"},"content":{"rendered":"<p>N\u00e3o \u00e9 uma surpresa para ningu\u00e9m, mas os n\u00fameros ajudam a perceber a realidade. A disparidade de sal\u00e1rios no contexto da Primeira Liga \u00e9 cada vez maior e, atualmente,<strong> o Benfica paga 12 vezes mais do que o Alverca,<\/strong> sendo que os encarnados s\u00e3o o clube portugu\u00eas com a maior folha salarial e os ribatejanos est\u00e3o no \u00faltimo lugar da lista.<\/p>\n<p>De acordo com um <a href=\"https:\/\/www.sportingpedia.com\/2025\/10\/07\/first-team-wages-in-europes-top-leagues-for-the-2025-26-season\/\" rel=\"nofollow noopener\" target=\"_blank\">estudo<\/a> da Sportingpedia, o Benfica gasta anualmente 42,5 milh\u00f5es de euros em sal\u00e1rios <strong>\u2014 quase 20% do total de toda a Primeira Liga, que chega aos 214 milh\u00f5es.<\/strong> Seguem-se o Sporting (32 milh\u00f5es) e o FC Porto (31 milh\u00f5es), as \u00fanicas equipas que ultrapassam os 30 milh\u00f5es em sal\u00e1rios da equipa principal, e s\u00f3 depois o Sp. Braga, que j\u00e1 paga cerca de 17 milh\u00f5es de euros anuais. O trambolh\u00e3o dos minhotos para o clube seguinte \u00e9 autoexplicativo: o Rio Ave \u00e9 a quinta equipa com sal\u00e1rios mais altos em Portugal e n\u00e3o chega aos 10 milh\u00f5es por ano.<\/p>\n<blockquote class=\"wp-embedded-content\" data-secret=\"icWtsQO9by\">\n<p><a href=\"https:\/\/observador.pt\/2019\/03\/02\/benfica-aumenta-salarios-em-quase-50-para-evitar-saidas-de-jogadores\/\" rel=\"nofollow noopener\" target=\"_blank\">Benfica aumenta sal\u00e1rios em quase 50% para evitar sa\u00eddas de jogadores<\/a><\/p>\n<\/blockquote>\n<p>Do outro lado da barricada est\u00e1 ent\u00e3o o Alverca, o clube da Primeira Liga que gasta menos em sal\u00e1rios, com 3,37 milh\u00f5es por ano<strong> \u2014 as tais 12 vezes menos do que o Benfica.<\/strong> O Tondela ocupa o pen\u00faltimo lugar, tamb\u00e9m abaixo dos quatro milh\u00f5es, e AVS, Gil Vicente e Estrela da Amadora est\u00e3o todos na casa dos cinco milh\u00f5es.<\/p>\n<p>Ainda assim, e tal como \u00e9 poss\u00edvel estabelecer o \u00f3bvio mundo de dist\u00e2ncia entre os tr\u00eas grandes e os restantes clubes do Campeonato, tamb\u00e9m \u00e9 f\u00e1cil entender a disparidade entre a Primeira Liga e as principais ligas europeias. Por exemplo, <strong>os 42,5 milh\u00f5es de euros anuais do Benfica s\u00e3o inferiores \u00e0 folha salarial do Brentford,<\/strong> o clube que menos gasta em sal\u00e1rios na Premier League. Em n\u00fameros globais, Portugal \u00e9 o sexto pa\u00eds europeu no que diz respeito a sal\u00e1rios de jogadores de futebol, atr\u00e1s de Inglaterra, Espanha, Alemanha, It\u00e1lia e Fran\u00e7a, mas ligeiramente \u00e0 frente dos Pa\u00edses Baixos.<\/p>\n<blockquote class=\"wp-embedded-content\" data-secret=\"f4KCS6hfHM\">\n<p><a href=\"https:\/\/observador.pt\/2021\/06\/15\/no-campeonato-dos-salarios-sporting-ficou-em-ultimo-lugar-benfica-gastou-mais-142-milhoes-de-euros-do-que-o-campeao-porto-mais-107\/\" rel=\"nofollow noopener\" target=\"_blank\">No campeonato dos sal\u00e1rios, Sporting ficou em \u00faltimo. Benfica gastou mais 14,2 milh\u00f5es de euros do que o campe\u00e3o, Porto mais 10,7<\/a><\/p>\n<\/blockquote>\n","protected":false},"excerpt":{"rendered":"N\u00e3o \u00e9 uma surpresa para ningu\u00e9m, mas os n\u00fameros ajudam a perceber a realidade. A disparidade de sal\u00e1rios&hellip;\n","protected":false},"author":2,"featured_media":109828,"comment_status":"","ping_status":"","sticky":false,"template":"","format":"standard","meta":{"footnotes":""},"categories":[8],"tags":[27,28,135,445,15,16,524,14,25,26,21,22,62,12,13,19,20,32,23,24,33,17,18,29,30,31],"class_list":{"0":"post-109827","1":"post","2":"type-post","3":"status-publish","4":"format-standard","5":"has-post-thumbnail","7":"category-principais-noticias","8":"tag-breaking-news","9":"tag-breakingnews","10":"tag-desporto","11":"tag-europa","12":"tag-featured-news","13":"tag-featurednews","14":"tag-futebol","15":"tag-headlines","16":"tag-latest-news","17":"tag-latestnews","18":"tag-main-news","19":"tag-mainnews","20":"tag-mundo","21":"tag-news","22":"tag-noticias","23":"tag-noticias-principais","24":"tag-noticiasprincipais","25":"tag-portugal","26":"tag-principais-noticias","27":"tag-principaisnoticias","28":"tag-pt","29":"tag-top-stories","30":"tag-topstories","31":"tag-ultimas","32":"tag-ultimas-noticias","33":"tag-ultimasnoticias"},"share_on_mastodon":{"url":"","error":""},"_links":{"self":[{"href":"https:\/\/www.europesays.com\/pt\/wp-json\/wp\/v2\/posts\/109827","targetHints":{"allow":["GET"]}}],"collection":[{"href":"https:\/\/www.europesays.com\/pt\/wp-json\/wp\/v2\/posts"}],"about":[{"href":"https:\/\/www.europesays.com\/pt\/wp-json\/wp\/v2\/types\/post"}],"author":[{"embeddable":true,"href":"https:\/\/www.europesays.com\/pt\/wp-json\/wp\/v2\/users\/2"}],"replies":[{"embeddable":true,"href":"https:\/\/www.europesays.com\/pt\/wp-json\/wp\/v2\/comments?post=109827"}],"version-history":[{"count":0,"href":"https:\/\/www.europesays.com\/pt\/wp-json\/wp\/v2\/posts\/109827\/revisions"}],"wp:featuredmedia":[{"embeddable":true,"href":"https:\/\/www.europesays.com\/pt\/wp-json\/wp\/v2\/media\/109828"}],"wp:attachment":[{"href":"https:\/\/www.europesays.com\/pt\/wp-json\/wp\/v2\/media?parent=109827"}],"wp:term":[{"taxonomy":"category","embeddable":true,"href":"https:\/\/www.europesays.com\/pt\/wp-json\/wp\/v2\/categories?post=109827"},{"taxonomy":"post_tag","embeddable":true,"href":"https:\/\/www.europesays.com\/pt\/wp-json\/wp\/v2\/tags?post=109827"}],"curies":[{"name":"wp","href":"https:\/\/api.w.org\/{rel}","templated":true}]}}