{"id":109831,"date":"2025-10-14T00:34:24","date_gmt":"2025-10-14T00:34:24","guid":{"rendered":"https:\/\/www.europesays.com\/pt\/109831\/"},"modified":"2025-10-14T00:34:24","modified_gmt":"2025-10-14T00:34:24","slug":"historia-de-aristides-de-sousa-mendes-lembrada-em-livro-observador","status":"publish","type":"post","link":"https:\/\/www.europesays.com\/pt\/109831\/","title":{"rendered":"Hist\u00f3ria de Aristides de Sousa Mendes lembrada em livro \u2013 Observador"},"content":{"rendered":"<p>A hist\u00f3ria do diplomata portugu\u00eas Aristides de Sousa Mendes \u00e9 recordada num novo livro ilustrado para crian\u00e7as, porque pode ajudar a compreender \u201calgumas das quest\u00f5es atuais que o mundo enfrenta\u201d, contou uma das autoras, Elizabeth Brown, \u00e0 Lusa.<\/p>\n<p>A inspiradora hist\u00f3ria de Aristides \u2014 \u00a0Um her\u00f3i do mundo inteiro foi escrito pela autora norte-americana Elizabeth Brown e desenhado pela anglo-colombiana Melissa Castrill\u00f3n, saiu em setembro em ingl\u00eas, pela Chronicle Books, e chega no dia 20 ao mercado portugu\u00eas pela Penguin Random House, na chancela Liliput.<\/p>\n<p>O livro ilustrado foca-se num per\u00edodo espec\u00edfico da vida de Aristides de Sousa Mendes, aquele pelo qual ainda hoje \u00e9 recordado: <strong>quando o c\u00f4nsul portugu\u00eas, desobedecendo ao regime ditatorial de Salazar, concedeu visto a milhares de refugiados<\/strong>, em particular judeus, nos anos 1940, durante a segunda Guerra Mundial.<\/p>\n<p>\u201c\u00c9 uma hist\u00f3ria importante para os leitores mais novos de hoje, porque \u00e9 uma figura e um acontecimento importante que ainda pode ajudar a compreender algumas das quest\u00f5es atuais que o mundo enfrenta\u201d, sublinhou a escritora.<\/p>\n<p>Para Elizabeth Brown, que se estreou na escrita para os mais novos com este livro, a hist\u00f3ria de Aristides de Sousa Mendes prova \u201ccomo uma pessoa pode fazer a diferen\u00e7a na vida dos outros\u201d.<\/p>\n<p>No livro, as autoras recordam o car\u00e1ter filantropo de Aristides de Sousa Mendes, que \u201cabria a cozinha da sua casa \u00e0s crian\u00e7as da aldeia\u201d em Portugal \u2014 \u00a0a Casa do Passal, em Carregal do Sal \u2014 , e a generosidade no consulado em Bord\u00e9us (Fran\u00e7a), onde acolheu e atribuiu vistos, tantos quantos p\u00f4de, a fam\u00edlias inteiras. \u201cQuanto mais tinta sa\u00edsse da sua caneta, mais vidas conseguiria salvar. Encurtou a sua assinatura para Mendes, na esperan\u00e7a de fazer a tinta durar o suficiente para salvar todas as pessoas\u201d, escreveu Elizabeth Brown.<\/p>\n<p>As autoras recordam ainda que o c\u00f4nsul portugu\u00eas acabou preso, acusado de desobedi\u00eancia a Salazar, foi impedido de trabalhar e acabou por ele pr\u00f3prio e a fam\u00edlia depender de solidariedade para viver.<\/p>\n<p>Nesta hist\u00f3ria de solidariedade e empatia, <strong>Elizabeth Brown acrescentou um resumo biogr\u00e1fico informativo e uma cronologia sobre a vida de Aristides de Sousa Mendes,<\/strong> incluindo as condecora\u00e7\u00f5es p\u00f3stumas e os esfor\u00e7os dos descendentes em fazer reconhecer internacionalmente o nome do diplomata portugu\u00eas.<\/p>\n<p>\u00c0 Lusa, Elizabeth Brown explicou que se interessa pela Hist\u00f3ria relacionada com a Segunda Guerra Mundial e que andava a fazer pesquisas para publicar um livro de n\u00e3o-fic\u00e7\u00e3o para crian\u00e7as quando soube da hist\u00f3ria de Aristides de Sousa Mendes, numa altura em que a fam\u00edlia estava a preparar a recupera\u00e7\u00e3o da Casa do Passal, agora transformada em Casa Museu.<\/p>\n<p>Sobre o trabalho de pesquisa para o livro, a autora contou que entrevistou descendentes de refugiados salvos pelo diplomata portugu\u00eas, consultou entrevistas, recortes de imprensa e bibliografia sobre o Holocausto e a Segunda Guerra Mundial, contando com apoio da Funda\u00e7\u00e3o Aristides de Sousa Mendes.<\/p>\n<p>Sobre o diplomata portugu\u00eas, em 2007, o desenhador Jos\u00e9 Ruy lan\u00e7ou a banda desenhada Aristides de Sousa Mendes: Her\u00f3i do Holocausto e, em 2015, Jos\u00e9 Jorge Letria escreveu e Alex Gozlbau ilustrou Aristides de Sousa Mendes: Um homem de coragem.<\/p>\n<p>Estes dois livros est\u00e3o recomendados pelo Plano Nacional de Leitura.<\/p>\n","protected":false},"excerpt":{"rendered":"A hist\u00f3ria do diplomata portugu\u00eas Aristides de Sousa Mendes \u00e9 recordada num novo livro ilustrado para crian\u00e7as, porque&hellip;\n","protected":false},"author":2,"featured_media":109832,"comment_status":"","ping_status":"","sticky":false,"template":"","format":"standard","meta":{"footnotes":""},"categories":[143],"tags":[169,315,114,115,8305,13889,864,170,32,33],"class_list":{"0":"post-109831","1":"post","2":"type-post","3":"status-publish","4":"format-standard","5":"has-post-thumbnail","7":"category-livros","8":"tag-books","9":"tag-cultura","10":"tag-entertainment","11":"tag-entretenimento","12":"tag-histu00f3ria","13":"tag-ii-guerra-mundial","14":"tag-literatura","15":"tag-livros","16":"tag-portugal","17":"tag-pt"},"share_on_mastodon":{"url":"","error":""},"_links":{"self":[{"href":"https:\/\/www.europesays.com\/pt\/wp-json\/wp\/v2\/posts\/109831","targetHints":{"allow":["GET"]}}],"collection":[{"href":"https:\/\/www.europesays.com\/pt\/wp-json\/wp\/v2\/posts"}],"about":[{"href":"https:\/\/www.europesays.com\/pt\/wp-json\/wp\/v2\/types\/post"}],"author":[{"embeddable":true,"href":"https:\/\/www.europesays.com\/pt\/wp-json\/wp\/v2\/users\/2"}],"replies":[{"embeddable":true,"href":"https:\/\/www.europesays.com\/pt\/wp-json\/wp\/v2\/comments?post=109831"}],"version-history":[{"count":0,"href":"https:\/\/www.europesays.com\/pt\/wp-json\/wp\/v2\/posts\/109831\/revisions"}],"wp:featuredmedia":[{"embeddable":true,"href":"https:\/\/www.europesays.com\/pt\/wp-json\/wp\/v2\/media\/109832"}],"wp:attachment":[{"href":"https:\/\/www.europesays.com\/pt\/wp-json\/wp\/v2\/media?parent=109831"}],"wp:term":[{"taxonomy":"category","embeddable":true,"href":"https:\/\/www.europesays.com\/pt\/wp-json\/wp\/v2\/categories?post=109831"},{"taxonomy":"post_tag","embeddable":true,"href":"https:\/\/www.europesays.com\/pt\/wp-json\/wp\/v2\/tags?post=109831"}],"curies":[{"name":"wp","href":"https:\/\/api.w.org\/{rel}","templated":true}]}}