{"id":109833,"date":"2025-10-14T00:35:27","date_gmt":"2025-10-14T00:35:27","guid":{"rendered":"https:\/\/www.europesays.com\/pt\/109833\/"},"modified":"2025-10-14T00:35:27","modified_gmt":"2025-10-14T00:35:27","slug":"vera-lanca-teoria-se-o-teu-segredo-ja-foi-impactante-este-vai-ser-mais-envolve-traicao-tvi-player","status":"publish","type":"post","link":"https:\/\/www.europesays.com\/pt\/109833\/","title":{"rendered":"Vera lan\u00e7a teoria: \u00abSe o teu segredo j\u00e1 foi impactante, este vai ser mais, envolve trai\u00e7\u00e3o\u00bb &#8211; TVI Player"},"content":{"rendered":"<ol>\n<li><a href=\"https:\/\/news.google.com\/rss\/articles\/CBMipAFBVV95cUxNRnBfMUcwaHB3eWZKa1pKTE1adkFQTFZ4cTc0M05DUWZVbTRfV3ZPSndCMjhWTU5tazdIWjc0T3FmSkN1RG5jWWFIRGtYTzhHOHVPdF9WbFVQbGdoSmZqTm91TEZ1WUpsVFZWTlMtX2ZScUdPZ2RJelhwRDNmQy1NTDhOd3VsckZUOGQwQ3JlSllOV1pVQm9OSEg0QkQwa2dyMEMydw?oc=5\" target=\"_blank\" rel=\"nofollow noopener\">Vera lan\u00e7a teoria: \u00abSe o teu segredo j\u00e1 foi impactante, este vai ser mais, envolve trai\u00e7\u00e3o\u00bb<\/a>&nbsp;&nbsp;TVI Player<\/li>\n<li><a href=\"https:\/\/news.google.com\/rss\/articles\/CBMi3gFBVV95cUxPcGR4X0l6T1NSQ2huVGtFaDUxRXhyV0hkOFNwS2RIS21sTGNlY2pVLUliN0d1RzJJeU9tcVItWEplaElKeEZ1N0dlcXdSNndwUHYxVTB6bEkwNnhMNG5JU0o4WUhtcUtMRk1sQVk4cGZDeFQ2eVJqSTBlTlQ5d3JTUTBPRlRFUWpuZFJ3OFd3XzBIQmUyQUlhTHpKZkNvLXNXdThtNU8xbV9KUXVwZEpJWGpndHNDYmNVS3lTNkx5em15N2MxRjZTRU85cUlzbGRGcUdjZ1VlR05ZdUJ3a0E?oc=5\" target=\"_blank\" rel=\"nofollow noopener\">Casa dos Segredos: Afinal, qual \u00e9 a rela\u00e7\u00e3o de Bruno e In\u00eas, fora da casa? \u201cEsta intimidade entre eles\u2026\u201d<\/a>&nbsp;&nbsp;SAPO<\/li>\n<li><a href=\"https:\/\/news.google.com\/rss\/articles\/CBMirAFBVV95cUxPSGZ6LXBObEVpXzBJQWpPaGxiUV90eGdrUEVPRDJKd2sybHZRWWdLanRMWDB2WUhjUEMyY25OaWJORVRVc1FvV1pURW41RUc2SUs3LTQ3Sko5SmlxTDBQS1VFZERWcjA4eXVrWFU5YmU5b1Jub0RhQThhWTNsdGJnUV96clZ0Rm9EcVVia3NmcFQxTFRUVmVlZFFxLW9VSjFMdkNMa0gtNkc5Q0dh?oc=5\" target=\"_blank\" rel=\"nofollow noopener\">Casa dos Segredos: Bomba! F\u00e1bio pediu Vera em casamento, fora da casa? &#8220;Traiu-me com outra&#8230;&#8221;<\/a>&nbsp;&nbsp;TV 7 Dias<\/li>\n<li><a href=\"https:\/\/news.google.com\/rss\/articles\/CBMiqAFBVV95cUxPZDdmT0d4S29yUEUyQjlYVTRnUWZrZXRxTTJTLXRsNWlwX2MzNGdVbndfS0tFZ3p0TlAtQUpBdGNmR3NDM1NoOVY3V09MZ0VkNmZJLXJtN2U4dDBYQndTTWtfanozRGJEXzBEMHFPYk9FUHpQNG5tMzFKWWVDSEFKVDBCaHBaWEhLa3Z6M1otZVlGX1BZMkEyaXlpMXo3WnRmQ3Fxd1J2dlA?oc=5\" target=\"_blank\" rel=\"nofollow noopener\">Casa dos Segredos: Concorrentes acreditam que In\u00eas e Bruno podem ter um filho em comum<\/a>&nbsp;&nbsp;infocul.pt<\/li>\n<li><a href=\"https:\/\/news.google.com\/rss\/articles\/CBMi1wFBVV95cUxNYjNhelVYYXltQ19QQzhnOG9VNGcwTS1tNnNsSGZDVFNfeEFhaUE5UktDZmxEbW9MU2dXT2tZd3J0cWRDVGR6cDE2cTRYQ0NNeDNnWjh1bzdRd0FLTmlSR0U4SGd6UUMtcmoxT1NENDB5bTNOS0N1bHNqU3R4c0NPYzFNQmFLTGZyUUtSalVXZFRuVVFNZGJfcnhjZlRqdzhacjNUbk5LX1pRajhQVk1pTUhuYmZtb2wzWmxheVViajl2M25vM2NOVWI1MHZrenlIa1NpcFdIZw?oc=5\" target=\"_blank\" rel=\"nofollow noopener\">Casa dos Segredos: Surpresa! H\u00e1 uma concorrente gr\u00e1vida dentro da casa? E h\u00e1 \u2018pistas\u2019 desvendadas\u2026<\/a>&nbsp;&nbsp;SAPO<\/li>\n<\/ol>\n","protected":false},"excerpt":{"rendered":"Vera lan\u00e7a teoria: \u00abSe o teu segredo j\u00e1 foi impactante, este vai ser mais, envolve trai\u00e7\u00e3o\u00bb&nbsp;&nbsp;TVI Player Casa&hellip;\n","protected":false},"author":2,"featured_media":109834,"comment_status":"","ping_status":"","sticky":false,"template":"","format":"standard","meta":{"footnotes":""},"categories":[142],"tags":[114,115,32,33,151,11841],"class_list":{"0":"post-109833","1":"post","2":"type-post","3":"status-publish","4":"format-standard","5":"has-post-thumbnail","7":"category-tv","8":"tag-entertainment","9":"tag-entretenimento","10":"tag-portugal","11":"tag-pt","12":"tag-tv","13":"tag-vera"},"share_on_mastodon":{"url":"","error":""},"_links":{"self":[{"href":"https:\/\/www.europesays.com\/pt\/wp-json\/wp\/v2\/posts\/109833","targetHints":{"allow":["GET"]}}],"collection":[{"href":"https:\/\/www.europesays.com\/pt\/wp-json\/wp\/v2\/posts"}],"about":[{"href":"https:\/\/www.europesays.com\/pt\/wp-json\/wp\/v2\/types\/post"}],"author":[{"embeddable":true,"href":"https:\/\/www.europesays.com\/pt\/wp-json\/wp\/v2\/users\/2"}],"replies":[{"embeddable":true,"href":"https:\/\/www.europesays.com\/pt\/wp-json\/wp\/v2\/comments?post=109833"}],"version-history":[{"count":0,"href":"https:\/\/www.europesays.com\/pt\/wp-json\/wp\/v2\/posts\/109833\/revisions"}],"wp:featuredmedia":[{"embeddable":true,"href":"https:\/\/www.europesays.com\/pt\/wp-json\/wp\/v2\/media\/109834"}],"wp:attachment":[{"href":"https:\/\/www.europesays.com\/pt\/wp-json\/wp\/v2\/media?parent=109833"}],"wp:term":[{"taxonomy":"category","embeddable":true,"href":"https:\/\/www.europesays.com\/pt\/wp-json\/wp\/v2\/categories?post=109833"},{"taxonomy":"post_tag","embeddable":true,"href":"https:\/\/www.europesays.com\/pt\/wp-json\/wp\/v2\/tags?post=109833"}],"curies":[{"name":"wp","href":"https:\/\/api.w.org\/{rel}","templated":true}]}}