{"id":109852,"date":"2025-10-14T00:52:11","date_gmt":"2025-10-14T00:52:11","guid":{"rendered":"https:\/\/www.europesays.com\/pt\/109852\/"},"modified":"2025-10-14T00:52:11","modified_gmt":"2025-10-14T00:52:11","slug":"elliot-page-celebra-protagonismo-no-epico-de-christopher-nolan-a-odisseia-foi-uma-alegria","status":"publish","type":"post","link":"https:\/\/www.europesays.com\/pt\/109852\/","title":{"rendered":"Elliot Page celebra protagonismo no \u00e9pico de Christopher Nolan &#8216;A Odisseia&#8217;: &#8220;Foi uma alegria&#8221;"},"content":{"rendered":"<p>O ator <strong><a href=\"https:\/\/cinepop.com.br\/tag\/elliot-page\/\" title=\"Elliot Page\" rel=\"nofollow noopener\" target=\"_blank\">Elliot Page<\/a> (\u2018<a href=\"https:\/\/cinepop.com.br\/tag\/the-umbrella-academy\/\" title=\"The Umbrella Academy\" rel=\"nofollow noopener\" target=\"_blank\">The Umbrella Academy<\/a>\u2019)<\/strong> falou recentemente sobre sua escala\u00e7\u00e3o em <strong>\u2018A Odisseia\u2019<\/strong> (The Odyssey), o novo \u00e9pico dirigido por <strong><a href=\"https:\/\/cinepop.com.br\/tag\/christopher-nolan\/\" title=\"Christopher Nolan\" rel=\"nofollow noopener\" target=\"_blank\">Christopher Nolan<\/a>.<\/strong> O ator destacou a oportunidade de se reunir com o diretor vencedor do Oscar, com quem trabalhou em<strong> \u2018<a href=\"https:\/\/cinepop.com.br\/tag\/a-origem\/\" title=\"A Origem\" rel=\"nofollow noopener\" target=\"_blank\">A Origem<\/a>\u2019.<\/strong><\/p>\n<p>\u201cFiquei muito empolgado por ter sido lembrado para [\u2018A Odisseia\u2019] e por ter sido convidado a voltar a trabalhar com ele\u201d, disse <strong>Page<\/strong>, em entrevista \u00e0 <a href=\"https:\/\/variety.com\/2025\/film\/news\/elliot-page-the-odyssey-christopher-nolan-1236547517\/\" rel=\"nofollow noopener\" target=\"_blank\">Variety<\/a>.<\/p>\n<p>O ator relembrou o processo de aceitar o papel: \u201cAdorei trabalhar com ele em \u2018<a href=\"https:\/\/cinepop.com.br\/tag\/a-origem\/\" title=\"A Origem\" rel=\"nofollow noopener\" target=\"_blank\">A Origem<\/a>\u2019 e amei fazer parte daquele filme. Fiquei completamente animado e empolgado e, basicamente, fui me encontrar com o Chris, conversamos sobre o papel, depois me sentei em uma sala e li o roteiro. Foi uma alegria poder voltar\u201d.<\/p>\n<p><a href=\"https:\/\/cinepop.com.br\/tom-holland-diz-que-roteiro-de-a-odisseia-e-o-melhor-que-ja-leu-na-vida-690307\/\" rel=\"nofollow noopener\" target=\"_blank\">Tom Holland diz que roteiro de \u2018A Odisseia\u2019 \u00e9 o MELHOR que j\u00e1 leu na vida<\/a><\/p>\n<p><strong>Page<\/strong> acrescentou que a experi\u00eancia \u00e9 ainda mais gratificante agora, ap\u00f3s sua transi\u00e7\u00e3o:<\/p>\n<p>\u201cVoltar agora, como voc\u00ea pode imaginar, sendo mais confort\u00e1vel comigo mesmo, torna esse tipo de projeto muito mais prazeroso. Ter uma nova experi\u00eancia com o Chris Nolan neste momento da minha vida significou muito para mim, egoisticamente falando\u201d, concluiu.<\/p>\n<p><img fetchpriority=\"high\" decoding=\"async\" class=\"alignnone wp-image-330650 size-full\" src=\"https:\/\/www.europesays.com\/pt\/wp-content\/uploads\/2025\/10\/elliot-page.jpg\" alt=\"\" width=\"960\" height=\"640\"  \/><\/p>\n<p>A estreia no Brasil est\u00e1 marcada para o dia <strong>16 de julho de 2026<\/strong>, um dia antes do lan\u00e7amento nos Estados Unidos.<\/p>\n<p>Confira a sinopse oficial:<\/p>\n<p>Ap\u00f3s a Guerra de Tr\u00f3ia, o guerreiro grego Odisseu (<strong><a href=\"https:\/\/cinepop.com.br\/tag\/matt-damon\/\" title=\"Matt Damon\" rel=\"nofollow noopener\" target=\"_blank\">Matt Damon<\/a><\/strong>) enfrenta criaturas m\u00edticas e deuses em sua \u00e9pica jornada de volta para casa, onde sua esposa Pen\u00e9lope o aguarda. Para contar essa hist\u00f3ria grandiosa, a produ\u00e7\u00e3o re\u00fane um elenco estelar ao lado de Damon, entre os nomes confirmados est\u00e3o<strong> <a href=\"https:\/\/cinepop.com.br\/tag\/anne-hathaway\/\" title=\"Anne Hathaway\" rel=\"nofollow noopener\" target=\"_blank\">Anne Hathaway<\/a>, <a href=\"https:\/\/cinepop.com.br\/tag\/tom-holland\/\" title=\"Tom Holland\" rel=\"nofollow noopener\" target=\"_blank\">Tom Holland<\/a>, <a href=\"https:\/\/cinepop.com.br\/tag\/zendaya\/\" title=\"Zendaya\" rel=\"nofollow noopener\" target=\"_blank\">Zendaya<\/a><\/strong> e <strong>Lupita Nyong\u2019o<\/strong>.<\/p>\n<p>O filme \u00e9 um \u00e9pico de a\u00e7\u00e3o m\u00edtico filmado em todo o mundo usando a nov\u00edssima tecnologia de filme IMAX e traz a saga fundamental de Odisseu para as telas de filme IMAX pela primeira vez.<\/p>\n<p>O elenco conta com nomes como\u00a0<strong><a href=\"https:\/\/cinepop.com.br\/tag\/matt-damon\/\" title=\"Matt Damon\" rel=\"nofollow noopener\" target=\"_blank\">Matt Damon<\/a><\/strong>, <strong><a href=\"https:\/\/cinepop.com.br\/tag\/tom-holland\/\" title=\"Tom Holland\" rel=\"nofollow noopener\" target=\"_blank\">Tom Holland<\/a><\/strong>, <strong><a href=\"https:\/\/cinepop.com.br\/tag\/charlize-theron\/\" title=\"Charlize Theron\" rel=\"nofollow noopener\" target=\"_blank\">Charlize Theron<\/a><\/strong>,\u00a0<strong>Robert Pattinson<\/strong>,\u00a0<strong>Jon Bernthal<\/strong>,\u00a0<strong>John Leguizamo<\/strong>,\u00a0<strong><a href=\"https:\/\/cinepop.com.br\/tag\/elliot-page\/\" title=\"Elliot Page\" rel=\"nofollow noopener\" target=\"_blank\">Elliot Page<\/a><\/strong>,\u00a0<strong>Himesh Patel<\/strong>,\u00a0<strong>Bill Irwin<\/strong>,\u00a0<strong>Samantha Morton<\/strong>,\u00a0<strong><a href=\"https:\/\/cinepop.com.br\/tag\/zendaya\/\" title=\"Zendaya\" rel=\"nofollow noopener\" target=\"_blank\">Zendaya<\/a><\/strong> e outros.<\/p>\n<p>A aposta \u00e9 alta: com um or\u00e7amento de US$ 250 milh\u00f5es, \u2018<strong>A<\/strong> <strong>Odisseia<\/strong>\u2018 ser\u00e1 o filme mais caro da carreira de <strong>Nolan<\/strong>.<\/p>\n<p><img loading=\"lazy\" decoding=\"async\" src=\"https:\/\/www.europesays.com\/pt\/wp-content\/uploads\/2025\/10\/odisseia2.jpeg\" alt=\"\" width=\"632\" height=\"1000\"  \/><\/p>\n<p>odisseia2<\/p>\n","protected":false},"excerpt":{"rendered":"O ator Elliot Page (\u2018The Umbrella Academy\u2019) falou recentemente sobre sua escala\u00e7\u00e3o em \u2018A Odisseia\u2019 (The Odyssey), o&hellip;\n","protected":false},"author":2,"featured_media":109853,"comment_status":"","ping_status":"","sticky":false,"template":"","format":"standard","meta":{"footnotes":""},"categories":[140],"tags":[26117,26118,26119,7556,18513,23691,4002,13516,17610,26120,26121,26122,7898,114,115,3639,147,148,13296,23329,10626,26123,26124,26125,17106,23331,26126,26127,26128,26129,4005,26130,26131,26132,146,716,14905,26133,13538,4785,26134,32,33,26135,26136,13306,15422,11094,2594,26137,26138,15950,6705,26139,26140,14105],"class_list":{"0":"post-109852","1":"post","2":"type-post","3":"status-publish","4":"format-standard","5":"has-post-thumbnail","7":"category-filmes","8":"tag-a-origem","9":"tag-alden-ehrenreich","10":"tag-alex-wolff","11":"tag-anne-hathaway","12":"tag-benny-safdie","13":"tag-charlize-theron","14":"tag-christopher-nolan","15":"tag-cillian-murphy","16":"tag-david-dastmalchian","17":"tag-david-krumholtz","18":"tag-dunkirk","19":"tag-elliot-page","20":"tag-emily-blunt","21":"tag-entertainment","22":"tag-entretenimento","23":"tag-featured","24":"tag-film","25":"tag-filmes","26":"tag-florence-pugh","27":"tag-guardioes-da-galaxia-vol-3","28":"tag-interestelar","29":"tag-interestellar","30":"tag-james-darcy","31":"tag-james-newman","32":"tag-jason-clarke","33":"tag-josh-hartnett","34":"tag-josh-peck","35":"tag-logan-marshall-green","36":"tag-louise-lombard","37":"tag-lupita-nyongo","38":"tag-matt-damon","39":"tag-matthias-schweighofer","40":"tag-megatubarao-2","41":"tag-michael-angarona","42":"tag-movies","43":"tag-netflix","44":"tag-o-cavaleiro-das-trevas","45":"tag-olivia-thirlby","46":"tag-oppenheimer","47":"tag-peaky-blinders","48":"tag-penny-dreadful","49":"tag-portugal","50":"tag-pt","51":"tag-quaid","52":"tag-rami-malek","53":"tag-robert-downey-jr","54":"tag-ryan-gosling","55":"tag-spike-lee","56":"tag-steven-spielberg","57":"tag-the-crown","58":"tag-the-umbrella-academy","59":"tag-the-witcher","60":"tag-tom-holland","61":"tag-velozes-e-furiosos-x","62":"tag-zack-snyder","63":"tag-zendaya"},"share_on_mastodon":{"url":"","error":""},"_links":{"self":[{"href":"https:\/\/www.europesays.com\/pt\/wp-json\/wp\/v2\/posts\/109852","targetHints":{"allow":["GET"]}}],"collection":[{"href":"https:\/\/www.europesays.com\/pt\/wp-json\/wp\/v2\/posts"}],"about":[{"href":"https:\/\/www.europesays.com\/pt\/wp-json\/wp\/v2\/types\/post"}],"author":[{"embeddable":true,"href":"https:\/\/www.europesays.com\/pt\/wp-json\/wp\/v2\/users\/2"}],"replies":[{"embeddable":true,"href":"https:\/\/www.europesays.com\/pt\/wp-json\/wp\/v2\/comments?post=109852"}],"version-history":[{"count":0,"href":"https:\/\/www.europesays.com\/pt\/wp-json\/wp\/v2\/posts\/109852\/revisions"}],"wp:featuredmedia":[{"embeddable":true,"href":"https:\/\/www.europesays.com\/pt\/wp-json\/wp\/v2\/media\/109853"}],"wp:attachment":[{"href":"https:\/\/www.europesays.com\/pt\/wp-json\/wp\/v2\/media?parent=109852"}],"wp:term":[{"taxonomy":"category","embeddable":true,"href":"https:\/\/www.europesays.com\/pt\/wp-json\/wp\/v2\/categories?post=109852"},{"taxonomy":"post_tag","embeddable":true,"href":"https:\/\/www.europesays.com\/pt\/wp-json\/wp\/v2\/tags?post=109852"}],"curies":[{"name":"wp","href":"https:\/\/api.w.org\/{rel}","templated":true}]}}