{"id":109866,"date":"2025-10-14T01:06:10","date_gmt":"2025-10-14T01:06:10","guid":{"rendered":"https:\/\/www.europesays.com\/pt\/109866\/"},"modified":"2025-10-14T01:06:10","modified_gmt":"2025-10-14T01:06:10","slug":"novo-epico-historico-do-diretor-de-jason-bourne-ganha-novo-titulo-e-escala-cinco-novos-membros-ao-elenco","status":"publish","type":"post","link":"https:\/\/www.europesays.com\/pt\/109866\/","title":{"rendered":"Novo \u00c9PICO hist\u00f3rico do diretor de &#8216;Jason Bourne&#8217; ganha novo t\u00edtulo e escala CINCO novos membros ao elenco"},"content":{"rendered":"<p>O indicado ao Oscar\u00a0<strong><a href=\"https:\/\/cinepop.com.br\/tag\/paul-greengrass\/\" title=\"Paul Greengrass\" rel=\"nofollow noopener\" target=\"_blank\">Paul Greengrass<\/a><\/strong> acaba de reformar seu longa-metragem conhecido como\u00a0<strong>\u2018<a href=\"https:\/\/cinepop.com.br\/tag\/the-rage\/\" title=\"The Rage\" rel=\"nofollow noopener\" target=\"_blank\">The Rage<\/a>\u2019<\/strong>, reintitulando-o\u00a0<strong>\u2018<a href=\"https:\/\/cinepop.com.br\/tag\/the-uprising\/\" title=\"The Uprising\" rel=\"nofollow noopener\" target=\"_blank\">The Uprising<\/a>\u2019<\/strong> (via\u00a0<a href=\"https:\/\/deadline.com\/2025\/10\/the-uprising-paul-greengrass-movie-adds-five-cast-1236583617\/\" rel=\"nofollow noopener\" target=\"_blank\">Deadline<\/a>).<\/p>\n<p>O cineasta tamb\u00e9m escalou cinco novos membros ao elenco:\u00a0<strong><a href=\"https:\/\/cinepop.com.br\/tag\/jamie-bell\/\" title=\"Jamie Bell\" rel=\"nofollow noopener\" target=\"_blank\">Jamie Bell<\/a><\/strong> (\u2018Todos N\u00f3s Desconhecidos\u2019),\u00a0<strong><a href=\"https:\/\/cinepop.com.br\/tag\/cosmo-jarvis\/\" title=\"Cosmo Jarvis\" rel=\"nofollow noopener\" target=\"_blank\">Cosmo Jarvis<\/a><\/strong> (\u2018Tempo de Guerra\u2019),\u00a0<strong><a href=\"https:\/\/cinepop.com.br\/tag\/thomasin-mckenzie\/\" title=\"Thomasin McKenzie\" rel=\"nofollow noopener\" target=\"_blank\">Thomasin McKenzie<\/a><\/strong> (\u2018Noite Passada em Soho\u2019),\u00a0<strong><a href=\"https:\/\/cinepop.com.br\/tag\/jonny-lee-miller\/\" title=\"Jonny Lee Miller\" rel=\"nofollow noopener\" target=\"_blank\">Jonny Lee Miller<\/a><\/strong> (\u2018Elementary\u2019) e\u00a0<strong><a href=\"https:\/\/cinepop.com.br\/tag\/woody-norman\/\" title=\"Woody Norman\" rel=\"nofollow noopener\" target=\"_blank\">Woody Norman<\/a><\/strong> (\u2018C\u2019mon C\u2019mon\u2019).<\/p>\n<p>Os detalhes dos personagens n\u00e3o foram revelados e as grava\u00e7\u00f5es do projeto j\u00e1 foram iniciadas.<\/p>\n<p>Como anunciado anteriormente, <strong><a href=\"https:\/\/cinepop.com.br\/tag\/andrew-garfield\/\" title=\"Andrew Garfield\" rel=\"nofollow noopener\" target=\"_blank\">Andrew Garfield<\/a><\/strong> assume o papel de um lend\u00e1rio l\u00edder de uma rebeli\u00e3o feroz contra a tirania do Rei Ricardo II. Enquanto a guerra devasta a Inglaterra, ele forma um ex\u00e9rcito do povo para enfrentar o poder do rei em uma luta por justi\u00e7a e sobreviv\u00eancia.<\/p>\n<p><strong>Katherine Waterston<\/strong> tamb\u00e9m integra o elenco.<\/p>\n<p><strong><a href=\"https:\/\/cinepop.com.br\/tag\/jason-blum\/\" title=\"Jason Blum\" rel=\"nofollow noopener\" target=\"_blank\">Jason Blum<\/a><\/strong> assume a cadeira de produtor atrav\u00e9s da\u00a0<strong><a href=\"https:\/\/cinepop.com.br\/tag\/blumhouse\/\" title=\"Blumhouse\" rel=\"nofollow noopener\" target=\"_blank\">Blumhouse<\/a><\/strong>, ao lado de\u00a0<strong><a href=\"https:\/\/cinepop.com.br\/tag\/gregory-goodman\/\" title=\"Gregory Goodman\" rel=\"nofollow noopener\" target=\"_blank\">Gregory Goodman<\/a><\/strong>,\u00a0<strong><a href=\"https:\/\/cinepop.com.br\/tag\/joanna-kaye\/\" title=\"Joanna Kaye\" rel=\"nofollow noopener\" target=\"_blank\">Joanna Kaye<\/a><\/strong> e Greengrass.<\/p>\n","protected":false},"excerpt":{"rendered":"O indicado ao Oscar\u00a0Paul Greengrass acaba de reformar seu longa-metragem conhecido como\u00a0\u2018The Rage\u2019, reintitulando-o\u00a0\u2018The Uprising\u2019 (via\u00a0Deadline). O cineasta&hellip;\n","protected":false},"author":2,"featured_media":109867,"comment_status":"","ping_status":"","sticky":false,"template":"","format":"standard","meta":{"footnotes":""},"categories":[140],"tags":[15016,15570,26141,114,115,147,148,26142,26143,15573,26144,26145,146,26146,32,33,26147,26148,26149,26150],"class_list":{"0":"post-109866","1":"post","2":"type-post","3":"status-publish","4":"format-standard","5":"has-post-thumbnail","7":"category-filmes","8":"tag-andrew-garfield","9":"tag-blumhouse","10":"tag-cosmo-jarvis","11":"tag-entertainment","12":"tag-entretenimento","13":"tag-film","14":"tag-filmes","15":"tag-gregory-goodman","16":"tag-jamie-bell","17":"tag-jason-blum","18":"tag-joanna-kaye","19":"tag-jonny-lee-miller","20":"tag-movies","21":"tag-paul-greengrass","22":"tag-portugal","23":"tag-pt","24":"tag-the-rage","25":"tag-the-uprising","26":"tag-thomasin-mckenzie","27":"tag-woody-norman"},"share_on_mastodon":{"url":"","error":""},"_links":{"self":[{"href":"https:\/\/www.europesays.com\/pt\/wp-json\/wp\/v2\/posts\/109866","targetHints":{"allow":["GET"]}}],"collection":[{"href":"https:\/\/www.europesays.com\/pt\/wp-json\/wp\/v2\/posts"}],"about":[{"href":"https:\/\/www.europesays.com\/pt\/wp-json\/wp\/v2\/types\/post"}],"author":[{"embeddable":true,"href":"https:\/\/www.europesays.com\/pt\/wp-json\/wp\/v2\/users\/2"}],"replies":[{"embeddable":true,"href":"https:\/\/www.europesays.com\/pt\/wp-json\/wp\/v2\/comments?post=109866"}],"version-history":[{"count":0,"href":"https:\/\/www.europesays.com\/pt\/wp-json\/wp\/v2\/posts\/109866\/revisions"}],"wp:featuredmedia":[{"embeddable":true,"href":"https:\/\/www.europesays.com\/pt\/wp-json\/wp\/v2\/media\/109867"}],"wp:attachment":[{"href":"https:\/\/www.europesays.com\/pt\/wp-json\/wp\/v2\/media?parent=109866"}],"wp:term":[{"taxonomy":"category","embeddable":true,"href":"https:\/\/www.europesays.com\/pt\/wp-json\/wp\/v2\/categories?post=109866"},{"taxonomy":"post_tag","embeddable":true,"href":"https:\/\/www.europesays.com\/pt\/wp-json\/wp\/v2\/tags?post=109866"}],"curies":[{"name":"wp","href":"https:\/\/api.w.org\/{rel}","templated":true}]}}