{"id":109884,"date":"2025-10-14T01:23:10","date_gmt":"2025-10-14T01:23:10","guid":{"rendered":"https:\/\/www.europesays.com\/pt\/109884\/"},"modified":"2025-10-14T01:23:10","modified_gmt":"2025-10-14T01:23:10","slug":"de-costas-voltadas-com-afonso-leitao-revelada-atitude-drastica-de-marcelo-palma-e-rita-almeida","status":"publish","type":"post","link":"https:\/\/www.europesays.com\/pt\/109884\/","title":{"rendered":"De costas voltadas com Afonso Leit\u00e3o? Revelada atitude dr\u00e1stica de Marcelo Palma e Rita Almeida!"},"content":{"rendered":"<p>Afonso Leit\u00e3o pode estar de costas voltadas com Rita Almeida e Marcelo Palma. A amizade nasceu durante a participa\u00e7\u00e3o dos tr\u00eas na oitava edi\u00e7\u00e3o de &#8220;<a href=\"https:\/\/tvi.iol.pt\/secretstory\/\" target=\"_blank\" rel=\"nofollow noopener\">Secret Story<\/a> &#8211; Casa dos Segredos&#8221;, mas parece estar tremida.<\/p>\n<p>Recentemente, Afonso Leit\u00e3o completou 25 anos e <a href=\"https:\/\/selfie.iol.pt\/famosos\/casa-dos-segredos\/apos-catarina-miranda-tomar-atitude-inesperada-afonso-leitao-desabafa-ainda-estou-a-digerir-o-que-aconteceu\/20251012\/68ec28bad34ee0c2fed12c49\" target=\"_blank\" rel=\"nofollow noopener\">Catarina Miranda<\/a>, por quem o jovem se apaixonou no &#8220;<a href=\"https:\/\/tvi.iol.pt\/bigbrother\/\" target=\"_blank\" rel=\"nofollow noopener\">Big Brother<\/a> Ver\u00e3o&#8221;, surpreendeu-o com uma festa de anivers\u00e1rio. Rita Almeida e Marcelo Palma foram duas das aus\u00eancias mais notadas da noite.<\/p>\n<p>&#8220;Ent\u00e3o, onde est\u00e3o a Rita e o Marcelo, que tamb\u00e9m eram teus amigos?&#8221;, perguntou uma internauta, na sec\u00e7\u00e3o de coment\u00e1rios de uma publica\u00e7\u00e3o realizada por <a href=\"https:\/\/selfie.iol.pt\/famosos\/casa-dos-segredos\/sem-tatuagens-nem-barba-em-partilha-rara-afonso-leitao-surge-irreconhecivel\/20251012\/68ebec21d34ee0c2fed129f3\" target=\"_blank\" rel=\"nofollow noopener\">Afonso Leit\u00e3o<\/a> no Instagram, na qual o antigo morador da casa mais vigiada do Pa\u00eds fala sobre a comemora\u00e7\u00e3o do respetivo anivers\u00e1rio.<\/p>\n<p>&#8220;Devem estar hibernados. Nem os parab\u00e9ns deram ao Afonso. Mas, se a senhora souber, por favor, entre em contacto&#8221;, ironizou Catarina Miranda, em resposta \u00e0 autora do coment\u00e1rio.<\/p>\n<p>Veja, agora, nas galerias que prepar\u00e1mos para si, as melhores imagens dos ex-concorrentes de reality shows da <a href=\"https:\/\/tvi.iol.pt\/\" target=\"_blank\" rel=\"nofollow noopener\">TVI<\/a>.<\/p>\n<blockquote class=\"instagram-media\" data-instgrm-captioned=\"\" data-instgrm-permalink=\"https:\/\/www.instagram.com\/p\/DPuHNZtAP2w\/?utm_source=ig_embed&amp;utm_campaign=loading\" data-instgrm-version=\"14\" style=\" background:#FFF; border:0; border-radius:3px; box-shadow:0 0 1px 0 rgba(0,0,0,0.5),0 1px 10px 0 rgba(0,0,0,0.15); margin: 1px; max-width:540px; min-width:326px; padding:0; width:99.375%; width:-webkit-calc(100% - 2px); width:calc(100% - 2px);\">\n<\/blockquote>\n<p>\u00a0<\/p>\n<p>                        <script async src=\"\/\/www.instagram.com\/embed.js\"><\/script><\/p>\n","protected":false},"excerpt":{"rendered":"Afonso Leit\u00e3o pode estar de costas voltadas com Rita Almeida e Marcelo Palma. A amizade nasceu durante a&hellip;\n","protected":false},"author":2,"featured_media":109885,"comment_status":"","ping_status":"","sticky":false,"template":"","format":"standard","meta":{"footnotes":""},"categories":[142],"tags":[2031,6308,48,1170,2632,7869,342,114,115,980,1015,8366,619,32,33,1014,12639,1315,6985,7868,7867,1012,6986,7870,151,162],"class_list":{"0":"post-109884","1":"post","2":"type-post","3":"status-publish","4":"format-standard","5":"has-post-thumbnail","7":"category-tv","8":"tag-afonso-leitao","9":"tag-bb","10":"tag-big-brother","11":"tag-big-brother-verao","12":"tag-casa-dos-segredos","13":"tag-casa-dos-segredos-8","14":"tag-catarina-miranda","15":"tag-entertainment","16":"tag-entretenimento","17":"tag-famosos","18":"tag-instagram","19":"tag-marcelo-palma","20":"tag-nacional","21":"tag-portugal","22":"tag-pt","23":"tag-reality-show","24":"tag-rita-almeida","25":"tag-secret-story","26":"tag-secret-story-casa-dos-segredos","27":"tag-secret-story-casa-dos-segredos-8","28":"tag-secret-story-8","29":"tag-selfie","30":"tag-ss","31":"tag-ss8","32":"tag-tv","33":"tag-tvi"},"share_on_mastodon":{"url":"","error":""},"_links":{"self":[{"href":"https:\/\/www.europesays.com\/pt\/wp-json\/wp\/v2\/posts\/109884","targetHints":{"allow":["GET"]}}],"collection":[{"href":"https:\/\/www.europesays.com\/pt\/wp-json\/wp\/v2\/posts"}],"about":[{"href":"https:\/\/www.europesays.com\/pt\/wp-json\/wp\/v2\/types\/post"}],"author":[{"embeddable":true,"href":"https:\/\/www.europesays.com\/pt\/wp-json\/wp\/v2\/users\/2"}],"replies":[{"embeddable":true,"href":"https:\/\/www.europesays.com\/pt\/wp-json\/wp\/v2\/comments?post=109884"}],"version-history":[{"count":0,"href":"https:\/\/www.europesays.com\/pt\/wp-json\/wp\/v2\/posts\/109884\/revisions"}],"wp:featuredmedia":[{"embeddable":true,"href":"https:\/\/www.europesays.com\/pt\/wp-json\/wp\/v2\/media\/109885"}],"wp:attachment":[{"href":"https:\/\/www.europesays.com\/pt\/wp-json\/wp\/v2\/media?parent=109884"}],"wp:term":[{"taxonomy":"category","embeddable":true,"href":"https:\/\/www.europesays.com\/pt\/wp-json\/wp\/v2\/categories?post=109884"},{"taxonomy":"post_tag","embeddable":true,"href":"https:\/\/www.europesays.com\/pt\/wp-json\/wp\/v2\/tags?post=109884"}],"curies":[{"name":"wp","href":"https:\/\/api.w.org\/{rel}","templated":true}]}}