{"id":109899,"date":"2025-10-14T01:31:08","date_gmt":"2025-10-14T01:31:08","guid":{"rendered":"https:\/\/www.europesays.com\/pt\/109899\/"},"modified":"2025-10-14T01:31:08","modified_gmt":"2025-10-14T01:31:08","slug":"kaja-kallas-alerta-que-russia-brinca-a-guerra-observador","status":"publish","type":"post","link":"https:\/\/www.europesays.com\/pt\/109899\/","title":{"rendered":"Kaja Kallas alerta que R\u00fassia \u201cbrinca \u00e0 guerra\u201d \u2013 Observador"},"content":{"rendered":"<p>A alta representante da Uni\u00e3o Europeia (UE) para a diplomacia, Kaja Kallas, considerou esta segunda-feira, em Kiev, que a R\u00fassia est\u00e1 a \u201cbrincar \u00e0 guerra\u201d e que est\u00e1 a ir \u201cal\u00e9m de um conflito hipot\u00e9tico\u201d com o bloco comunit\u00e1rio.<\/p>\n<p>\u201cCada vez que um drone (aeronave pilotada remotamente) viola o nosso espa\u00e7o a\u00e9reo, h\u00e1 um risco de escalada, seja intencional ou n\u00e3o\u201d, disse Kaja Kallas, em confer\u00eancia de imprensa, na capital da Ucr\u00e2nia.<\/p>\n<p>A Alta Representante da UE para os Neg\u00f3cios Estrangeiros e Pol\u00edtica de Seguran\u00e7a advertiu que Moscovo est\u00e1 a <strong>\u201cbrincar \u00e0 guerra\u201d<\/strong> e que est\u00e1 a levar as tens\u00f5es <strong>\u201cal\u00e9m do contexto de um conflito hipot\u00e9tico\u201d<\/strong>.<\/p>\n<p>Kaja Kallas, ex-primeira-ministra da Est\u00f3nia, est\u00e1 esta segunda-feira em Kiev para \u201cconversa\u00e7\u00f5es sobre apoio financeiro e militar\u201d \u00e0 Ucr\u00e2nia, nomeadamente sobre um empr\u00e9stimo de repara\u00e7\u00f5es que a Europa prepara com base nos ativos russos congelados.<\/p>\n<p>\u201cOs ucranianos inspiram o mundo com a sua coragem. A sua resili\u00eancia exige todo o nosso apoio. Estou hoje em Kiev para conversa\u00e7\u00f5es sobre apoio financeiro e militar, a seguran\u00e7a do setor energ\u00e9tico da Ucr\u00e2nia e a responsabiliza\u00e7\u00e3o da R\u00fassia pelos seus crimes de guerra\u201d, anunciou Kaja Kallas, na rede social X (antigo Twitter).<\/p>\n<blockquote class=\"twitter-tweet\" data-width=\"500\" data-dnt=\"true\">\n<p lang=\"en\" dir=\"ltr\">Ukrainians inspire the world with their courage.<br \/>Their resilience calls for our full support.<\/p>\n<p>I am in Kyiv today for talks on financial and military support, the security of Ukraine\u2019s energy sector, and holding Russia accountable for its war crimes. <a href=\"https:\/\/t.co\/xQ3juq9aTT\" rel=\"nofollow\">pic.twitter.com\/xQ3juq9aTT<\/a><\/p>\n<p>\u2014 Kaja Kallas (@kajakallas) <a href=\"https:\/\/twitter.com\/kajakallas\/status\/1977629133514617136?ref_src=twsrc%5Etfw\" rel=\"nofollow noopener\" target=\"_blank\">October 13, 2025<\/a><\/p>\n<\/blockquote>\n<p>Ap\u00f3s ter iniciado o seu mandato na Ucr\u00e2nia em dezembro, Kaja Kallas visita agora a Ucr\u00e2nia no arranque de um inverno que promete ser dif\u00edcil devido \u00e0 destrui\u00e7\u00e3o em larga escala das infraestruturas energ\u00e9ticas causada pelos ataques russos, mas tamb\u00e9m quando a Comiss\u00e3o Europeia finaliza uma proposta de empr\u00e9stimo de repara\u00e7\u00f5es \u00e0 Ucr\u00e2nia assente em bens imobilizados russos na Uni\u00e3o Europeia.<\/p>\n<p>Com temperaturas rigorosas \u00e0 vista, o pa\u00eds enfrenta o <strong>risco de cortes prolongados de energia, falhas no aquecimento e colapso de servi\u00e7os essenciais<\/strong>.<\/p>\n<p>Contudo, a Ucr\u00e2nia continua a reparar rapidamente as infraestruturas e a refor\u00e7ar a defesa a\u00e9rea, sobretudo devido ao apoio europeu.<\/p>\n<p>            <script async src=\"https:\/\/platform.twitter.com\/widgets.js\" charset=\"utf-8\"><\/script><\/p>\n","protected":false},"excerpt":{"rendered":"A alta representante da Uni\u00e3o Europeia (UE) para a diplomacia, Kaja Kallas, considerou esta segunda-feira, em Kiev, que&hellip;\n","protected":false},"author":2,"featured_media":109900,"comment_status":"","ping_status":"","sticky":false,"template":"","format":"standard","meta":{"footnotes":""},"categories":[50],"tags":[27,28,445,15,16,1123,14,25,26,21,22,62,12,13,19,20,23,24,17,18,1124,29,30,31,554,63,64,65],"class_list":{"0":"post-109899","1":"post","2":"type-post","3":"status-publish","4":"format-standard","5":"has-post-thumbnail","7":"category-mundo","8":"tag-breaking-news","9":"tag-breakingnews","10":"tag-europa","11":"tag-featured-news","12":"tag-featurednews","13":"tag-guerra-na-ucru00e2nia","14":"tag-headlines","15":"tag-latest-news","16":"tag-latestnews","17":"tag-main-news","18":"tag-mainnews","19":"tag-mundo","20":"tag-news","21":"tag-noticias","22":"tag-noticias-principais","23":"tag-noticiasprincipais","24":"tag-principais-noticias","25":"tag-principaisnoticias","26":"tag-top-stories","27":"tag-topstories","28":"tag-ucru00e2nia","29":"tag-ultimas","30":"tag-ultimas-noticias","31":"tag-ultimasnoticias","32":"tag-uniu00e3o-europeia","33":"tag-world","34":"tag-world-news","35":"tag-worldnews"},"share_on_mastodon":{"url":"","error":""},"_links":{"self":[{"href":"https:\/\/www.europesays.com\/pt\/wp-json\/wp\/v2\/posts\/109899","targetHints":{"allow":["GET"]}}],"collection":[{"href":"https:\/\/www.europesays.com\/pt\/wp-json\/wp\/v2\/posts"}],"about":[{"href":"https:\/\/www.europesays.com\/pt\/wp-json\/wp\/v2\/types\/post"}],"author":[{"embeddable":true,"href":"https:\/\/www.europesays.com\/pt\/wp-json\/wp\/v2\/users\/2"}],"replies":[{"embeddable":true,"href":"https:\/\/www.europesays.com\/pt\/wp-json\/wp\/v2\/comments?post=109899"}],"version-history":[{"count":0,"href":"https:\/\/www.europesays.com\/pt\/wp-json\/wp\/v2\/posts\/109899\/revisions"}],"wp:featuredmedia":[{"embeddable":true,"href":"https:\/\/www.europesays.com\/pt\/wp-json\/wp\/v2\/media\/109900"}],"wp:attachment":[{"href":"https:\/\/www.europesays.com\/pt\/wp-json\/wp\/v2\/media?parent=109899"}],"wp:term":[{"taxonomy":"category","embeddable":true,"href":"https:\/\/www.europesays.com\/pt\/wp-json\/wp\/v2\/categories?post=109899"},{"taxonomy":"post_tag","embeddable":true,"href":"https:\/\/www.europesays.com\/pt\/wp-json\/wp\/v2\/tags?post=109899"}],"curies":[{"name":"wp","href":"https:\/\/api.w.org\/{rel}","templated":true}]}}