{"id":10990,"date":"2025-08-01T01:00:09","date_gmt":"2025-08-01T01:00:09","guid":{"rendered":"https:\/\/www.europesays.com\/pt\/10990\/"},"modified":"2025-08-01T01:00:09","modified_gmt":"2025-08-01T01:00:09","slug":"com-40-metros-de-tamanho-grafiteiro-faz-o-maior-mural-da-europa-em-homenagem-a-dragon-ball","status":"publish","type":"post","link":"https:\/\/www.europesays.com\/pt\/10990\/","title":{"rendered":"com 40 metros de tamanho, grafiteiro faz o maior mural da Europa em homenagem a Dragon Ball"},"content":{"rendered":"<p>A Espanha acaba de ganhar o maior mural de grafite da Europa e a parte mais curiosa disso \u00e9 que \u00e9 totalmente em homenagem a <a href=\"https:\/\/br.ign.com\/dragon-ball-2\/143566\/news\/mestre-entrevista-de-1995-mostra-akira-toriyama-desenhando-e-colorindo-goku-com-tecnica-unica\" target=\"_blank\" rel=\"nofollow noopener\">Akira Toriyama<\/a> e <a href=\"https:\/\/br.ign.com\/dragon-ball-2\" target=\"_blank\" rel=\"nofollow noopener\">Dragon Ball<\/a>.<\/p>\n<p><img decoding=\"async\" alt=\"\" class=\"image screenshot\" src=\"https:\/\/www.europesays.com\/pt\/wp-content\/uploads\/2025\/08\/db_bk1v.png\"  viewbox=\"0 0 16 9\"\/><\/p>\n<p>Com 40 metros comprimento, o mural localizado em Carmona, Sevilha, na Espanha, estampa Goku, Bulma, Vegeta, Freeza e outros personagens em momentos importantes do <a href=\"https:\/\/br.ign.com\/anime\/\" target=\"_blank\" rel=\"nofollow noopener\">anime<\/a> e mang\u00e1.<\/p>\n<blockquote class=\"instagram-media\" data-instgrm-captioned=\"\" data-instgrm-permalink=\"https:\/\/www.instagram.com\/reel\/DMWF2JMsCph\/?utm_source=ig_embed&amp;utm_campaign=loading\" data-instgrm-version=\"14\" style=\" background:#FFF; border:0; border-radius:3px; box-shadow:0 0 1px 0 rgba(0,0,0,0.5),0 1px 10px 0 rgba(0,0,0,0.15); margin: 1px; max-width:540px; min-width:326px; padding:0; width:99.375%; width:-webkit-calc(100% - 2px); width:calc(100% - 2px);\">\n<\/blockquote>\n<p>Quem foi o respons\u00e1vel por isso \u00e9 grafiteiro da Sevilha Denis Due, que \u00e9 f\u00e3 de longa data da obra. No v\u00eddeo, \u00e9 poss\u00edvel ver que ele at\u00e9 colocou uma mensagem pessoal em uma das partes do mural: &#8220;Eu te amo, Akira Toriyama,&#8221; diz.<\/p>\n<p>Relacionado<a href=\"https:\/\/br.ign.com\/dragon-ball-2\/143567\/news\/goku-nao-mentiu-sua-idade-quando-conheceu-bulma-ele-so-nao-sabia-matematica\" class=\"recirc_odd\" rel=\"nofollow noopener\" target=\"_blank\"><img decoding=\"async\" class=\"image\" src=\"https:\/\/www.europesays.com\/pt\/wp-content\/uploads\/2025\/08\/blob_qujq.640.jpg\" alt=\"Goku n\u00e3o mentiu sua idade quando conheceu Bulma \u2014 ele s\u00f3 n\u00e3o sabia matem\u00e1tica\"\/>Goku n\u00e3o mentiu sua idade quando conheceu Bulma \u2014 ele s\u00f3 n\u00e3o sabia matem\u00e1tica<\/a><\/p>\n<p>&#8220;Essa ideia surgiu porque sou verdadeiramente apaixonado por Dragon Ball. Durmo todas as noites assistindo \u00e0 s\u00e9rie. Tenho uma tatuagem de Dragon Ball e \u00e9 um pouco como reviver minha inf\u00e2ncia&#8221;, explicou no v\u00eddeo. &#8220;Foi como voltar \u00e0 minha inf\u00e2ncia, pintando algo nas paredes&#8230;onde comecei a pintar quando crian\u00e7a.&#8221;<\/p>\n<p>Al\u00e9m de uma bela homenagem, o local agora pode passar a ser um dos pontos tur\u00edsticos para f\u00e3s de Dragon Ball.<\/p>\n<p>Inscreva-se no canal do <strong>IGN Brasil <\/strong>no<a href=\"https:\/\/www.youtube.com\/c\/ignbrasil\" rel=\"noopener nofollow\" target=\"_blank\"> Youtube<\/a> e visite as nossas p\u00e1ginas no<a href=\"https:\/\/www.facebook.com\/ignbrasil\/\" rel=\"noopener nofollow\" target=\"_blank\"> Facebook<\/a>, <a href=\"https:\/\/twitter.com\/IGNBrasil\" rel=\"noopener nofollow\" target=\"_blank\">Twitter<\/a>,<a href=\"https:\/\/bsky.app\/profile\/ignbrasil.bsky.social\" rel=\"noopener nofollow\" target=\"_blank\"> BlueSky<\/a>,<a href=\"https:\/\/www.threads.net\/@ignbrasil\" rel=\"noopener nofollow\" target=\"_blank\"> Threads<\/a>,<a href=\"https:\/\/www.instagram.com\/ignbrasil\/\" rel=\"noopener nofollow\" target=\"_blank\"> Instagram<\/a> e<a href=\"https:\/\/www.twitch.tv\/ignbrasil\" rel=\"noopener nofollow\" target=\"_blank\"> Twitch<\/a>!| Siga B\u00e1rbara Castro no<a href=\"https:\/\/www.instagram.com\/babs_cg\/\" rel=\"noopener nofollow\" target=\"_blank\"> Instagram<\/a>.<\/p>\n<p>                <script async src=\"https:\/\/platform.twitter.com\/widgets.js\" charset=\"utf-8\"><\/script><script async src=\"\/\/www.instagram.com\/embed.js\"><\/script><\/p>\n","protected":false},"excerpt":{"rendered":"A Espanha acaba de ganhar o maior mural de grafite da Europa e a parte mais curiosa disso&hellip;\n","protected":false},"author":2,"featured_media":10991,"comment_status":"","ping_status":"","sticky":false,"template":"","format":"standard","meta":{"footnotes":""},"categories":[144],"tags":[207,205,206,203,201,202,204,114,115,32,33],"class_list":{"0":"post-10990","1":"post","2":"type-post","3":"status-publish","4":"format-standard","5":"has-post-thumbnail","7":"category-arte-e-design","8":"tag-arte","9":"tag-arte-e-design","10":"tag-artedesign","11":"tag-arts","12":"tag-arts-and-design","13":"tag-artsanddesign","14":"tag-design","15":"tag-entertainment","16":"tag-entretenimento","17":"tag-portugal","18":"tag-pt"},"share_on_mastodon":{"url":"","error":""},"_links":{"self":[{"href":"https:\/\/www.europesays.com\/pt\/wp-json\/wp\/v2\/posts\/10990","targetHints":{"allow":["GET"]}}],"collection":[{"href":"https:\/\/www.europesays.com\/pt\/wp-json\/wp\/v2\/posts"}],"about":[{"href":"https:\/\/www.europesays.com\/pt\/wp-json\/wp\/v2\/types\/post"}],"author":[{"embeddable":true,"href":"https:\/\/www.europesays.com\/pt\/wp-json\/wp\/v2\/users\/2"}],"replies":[{"embeddable":true,"href":"https:\/\/www.europesays.com\/pt\/wp-json\/wp\/v2\/comments?post=10990"}],"version-history":[{"count":0,"href":"https:\/\/www.europesays.com\/pt\/wp-json\/wp\/v2\/posts\/10990\/revisions"}],"wp:featuredmedia":[{"embeddable":true,"href":"https:\/\/www.europesays.com\/pt\/wp-json\/wp\/v2\/media\/10991"}],"wp:attachment":[{"href":"https:\/\/www.europesays.com\/pt\/wp-json\/wp\/v2\/media?parent=10990"}],"wp:term":[{"taxonomy":"category","embeddable":true,"href":"https:\/\/www.europesays.com\/pt\/wp-json\/wp\/v2\/categories?post=10990"},{"taxonomy":"post_tag","embeddable":true,"href":"https:\/\/www.europesays.com\/pt\/wp-json\/wp\/v2\/tags?post=10990"}],"curies":[{"name":"wp","href":"https:\/\/api.w.org\/{rel}","templated":true}]}}