{"id":109903,"date":"2025-10-14T01:36:07","date_gmt":"2025-10-14T01:36:07","guid":{"rendered":"https:\/\/www.europesays.com\/pt\/109903\/"},"modified":"2025-10-14T01:36:07","modified_gmt":"2025-10-14T01:36:07","slug":"artista-vende-escultura-invisivel-sem-forma-fisica-por-mais-de-r-90-mil","status":"publish","type":"post","link":"https:\/\/www.europesays.com\/pt\/109903\/","title":{"rendered":"Artista vende escultura invis\u00edvel sem forma f\u00edsica por mais de R$ 90 mil"},"content":{"rendered":"<p>Comprador levou apenas um certificado de aquisi\u00e7\u00e3o e a indica\u00e7\u00e3o de que a \u201cpe\u00e7a\u201d deve ter de 1,5m x 1,5m<\/p>\n<p id=\"paragrafo-yo9qnhojfu\">\nQuem explica o mundo das artes? O que para muitos pode ser considerado improv\u00e1vel, no mundo das artes \u00e9 muito comum, por exemplo a venda de obras que parecem simples, mas tem um valor inestim\u00e1vel por causa do artista que a elaborou. &gt;\n<\/p>\n<p id=\"paragrafo-8s1ljki5m2\">\nEm 2021, o artista italiano Salvatore Garau vende uma \u201cescultura invis\u00edvel\u201d em um leil\u00e3o online or 15 mil euros, cerca de R$ 92,1 mil. A obra intitulada de \u201clo Sono\u201d foi vendida pelo Art-Rite de Mil\u00e3o, s\u00f3 existe no pensamento do artista e o comprador levou apenas um certificado de aquisi\u00e7\u00e3o e a indica\u00e7\u00e3o de que a \u201cpe\u00e7a\u201d deve ter de 1,5m x 1,5m.&gt;\n<\/p>\n<p id=\"paragrafo-kdar820s76\">\nEm entrevista ao portal italiano \u201cArte Magazine\u201d, Garau disse que se sente como \u201cDavid contra Golias\u201d ao fazer a arte do \u201cvazio\u201d. Al\u00e9m disso, Garau afirmou que tem como meta criar sete obras invis\u00edveis. Al\u00e9m disso, na \u00e9poca tinha inaugurado a terceira delas em Nova York.&gt;\n<\/p>\n<p id=\"paragrafo-pa8g2c9zmj\">\n&#8220;A pol\u00eamica demonstra a vitalidade que a minha obra gerou. Mas, eu n\u00e3o fui t\u00e3o original. J\u00e1 tem muito nada que \u00e9 vendido por qualquer valor, e ningu\u00e9m d\u00e1 bola&#8221;, disse.&gt;<\/p>\n","protected":false},"excerpt":{"rendered":"Comprador levou apenas um certificado de aquisi\u00e7\u00e3o e a indica\u00e7\u00e3o de que a \u201cpe\u00e7a\u201d deve ter de 1,5m&hellip;\n","protected":false},"author":2,"featured_media":109904,"comment_status":"","ping_status":"","sticky":false,"template":"","format":"standard","meta":{"footnotes":""},"categories":[144],"tags":[207,205,206,203,201,202,204,114,115,32,33],"class_list":{"0":"post-109903","1":"post","2":"type-post","3":"status-publish","4":"format-standard","5":"has-post-thumbnail","7":"category-arte-e-design","8":"tag-arte","9":"tag-arte-e-design","10":"tag-artedesign","11":"tag-arts","12":"tag-arts-and-design","13":"tag-artsanddesign","14":"tag-design","15":"tag-entertainment","16":"tag-entretenimento","17":"tag-portugal","18":"tag-pt"},"share_on_mastodon":{"url":"","error":""},"_links":{"self":[{"href":"https:\/\/www.europesays.com\/pt\/wp-json\/wp\/v2\/posts\/109903","targetHints":{"allow":["GET"]}}],"collection":[{"href":"https:\/\/www.europesays.com\/pt\/wp-json\/wp\/v2\/posts"}],"about":[{"href":"https:\/\/www.europesays.com\/pt\/wp-json\/wp\/v2\/types\/post"}],"author":[{"embeddable":true,"href":"https:\/\/www.europesays.com\/pt\/wp-json\/wp\/v2\/users\/2"}],"replies":[{"embeddable":true,"href":"https:\/\/www.europesays.com\/pt\/wp-json\/wp\/v2\/comments?post=109903"}],"version-history":[{"count":0,"href":"https:\/\/www.europesays.com\/pt\/wp-json\/wp\/v2\/posts\/109903\/revisions"}],"wp:featuredmedia":[{"embeddable":true,"href":"https:\/\/www.europesays.com\/pt\/wp-json\/wp\/v2\/media\/109904"}],"wp:attachment":[{"href":"https:\/\/www.europesays.com\/pt\/wp-json\/wp\/v2\/media?parent=109903"}],"wp:term":[{"taxonomy":"category","embeddable":true,"href":"https:\/\/www.europesays.com\/pt\/wp-json\/wp\/v2\/categories?post=109903"},{"taxonomy":"post_tag","embeddable":true,"href":"https:\/\/www.europesays.com\/pt\/wp-json\/wp\/v2\/tags?post=109903"}],"curies":[{"name":"wp","href":"https:\/\/api.w.org\/{rel}","templated":true}]}}