{"id":109914,"date":"2025-10-14T01:50:11","date_gmt":"2025-10-14T01:50:11","guid":{"rendered":"https:\/\/www.europesays.com\/pt\/109914\/"},"modified":"2025-10-14T01:50:11","modified_gmt":"2025-10-14T01:50:11","slug":"edmundo-vieira-membro-dos-dzrt-revela-sexo-do-bebe-estou-a-tua-espera-meu-amor","status":"publish","type":"post","link":"https:\/\/www.europesays.com\/pt\/109914\/","title":{"rendered":"Edmundo Vieira &#8211; Membro dos D\u2019ZRT revela sexo do beb\u00e9! \u201cEstou \u00e0 tua espera meu amor\u201d"},"content":{"rendered":"<p>Em setembro, <strong>Edmundo Vieira<\/strong> e a sua companheira <strong>Beatriz Pereira<\/strong> partilharam um v\u00eddeo no Instagram a anunciar que <a href=\"https:\/\/www.novagente.pt\/edmundo-vieira-bebe-caminho-cantor-vai-ser-pai-pela-segunda-vez\" rel=\"nofollow noopener\" target=\"_blank\">v\u00e3o ser pais <\/a>juntos pela primeira vez.<\/p>\n<p>Recorde-se que o cantor dos<strong> D\u2019ZRT<\/strong> j\u00e1 \u00e9 pai de um rapaz de 17 anos, fruto de uma rela\u00e7\u00e3o j\u00e1 terminada.<\/p>\n<p>Esta segunda-feira, 13 de outubro, o casal fez uma publica\u00e7\u00e3o em conjunto nas redes sociais onde <strong>revelavam o sexo do beb\u00e9.<\/strong><\/p>\n<blockquote>\n<p><strong>Leia ainda: Edmundo Vieira &#8211; <\/strong><a href=\"https:\/\/www.novagente.pt\/edmundo-vieira-grande-homenagem-angelico-vieira-dia-em-que-te-vi-partir\" rel=\"nofollow noopener\" target=\"_blank\">A grande homenagem a Ang\u00e9lico Vieira: &#8220;O dia em que te vi partir&#8230;&#8221;<\/a><\/p>\n<\/blockquote>\n<p><strong>\u201cAndei estes meses todos convencida de que o pincel da vida ia colorir as nossas paredes de rosa\u2026 Mas o c\u00e9u, com a sua sabedoria de sempre, arranjou uma forma bonita de lembrar que nunca nos abandonar\u00e1\u201d<\/strong>, come\u00e7ou por escrever a namorada.<\/p>\n<p><strong>\u201cVem a\u00ed um pedacinho de c\u00e9u. Um menino. Mais uma prova de que o universo tem tudo planeado e que apenas escreve as hist\u00f3rias de amor \u00e0 sua maneira. Estou \u00e0 tua espera meu amor\u201d<\/strong>, revelou.<\/p>\n<p>\u00a0<\/p>\n<p>\u00a0<\/p>\n<p>Texto: Carolina Charrua; Fotos: Redes sociais e Impala<\/p>\n<p class=\"intagram-text\">Siga a Nova Gente no Instagram<\/p>\n<p>                        <a href=\"https:\/\/www.instagram.com\/revistanovagente\/\" target=\"_blank\" aria-label=\"instagram\" rel=\"noopener nofollow\"><img decoding=\"async\" style=\"display: block; margin-left: auto; margin-right: auto; width: 250px; height: 83px;\" src=\"https:\/\/www.europesays.com\/pt\/wp-content\/uploads\/2025\/09\/Instagram_NG.png\" alt=\"instagram\"\/><\/a><br \/>\n                    <script async src=\"\/\/www.instagram.com\/embed.js\"><\/script><\/p>\n","protected":false},"excerpt":{"rendered":"Em setembro, Edmundo Vieira e a sua companheira Beatriz Pereira partilharam um v\u00eddeo no Instagram a anunciar que&hellip;\n","protected":false},"author":2,"featured_media":109915,"comment_status":"","ping_status":"","sticky":false,"template":"","format":"standard","meta":{"footnotes":""},"categories":[145],"tags":[26153,2557,211,210,26152,26151,114,115,32,33,13583,216,162],"class_list":{"0":"post-109914","1":"post","2":"type-post","3":"status-publish","4":"format-standard","5":"has-post-thumbnail","7":"category-celebridades","8":"tag-beatriz-pereira","9":"tag-bebe","10":"tag-celebridades","11":"tag-celebrities","12":"tag-dzrt","13":"tag-edmundo-vieira","14":"tag-entertainment","15":"tag-entretenimento","16":"tag-portugal","17":"tag-pt","18":"tag-revelacao","19":"tag-sexo","20":"tag-tvi"},"share_on_mastodon":{"url":"","error":""},"_links":{"self":[{"href":"https:\/\/www.europesays.com\/pt\/wp-json\/wp\/v2\/posts\/109914","targetHints":{"allow":["GET"]}}],"collection":[{"href":"https:\/\/www.europesays.com\/pt\/wp-json\/wp\/v2\/posts"}],"about":[{"href":"https:\/\/www.europesays.com\/pt\/wp-json\/wp\/v2\/types\/post"}],"author":[{"embeddable":true,"href":"https:\/\/www.europesays.com\/pt\/wp-json\/wp\/v2\/users\/2"}],"replies":[{"embeddable":true,"href":"https:\/\/www.europesays.com\/pt\/wp-json\/wp\/v2\/comments?post=109914"}],"version-history":[{"count":0,"href":"https:\/\/www.europesays.com\/pt\/wp-json\/wp\/v2\/posts\/109914\/revisions"}],"wp:featuredmedia":[{"embeddable":true,"href":"https:\/\/www.europesays.com\/pt\/wp-json\/wp\/v2\/media\/109915"}],"wp:attachment":[{"href":"https:\/\/www.europesays.com\/pt\/wp-json\/wp\/v2\/media?parent=109914"}],"wp:term":[{"taxonomy":"category","embeddable":true,"href":"https:\/\/www.europesays.com\/pt\/wp-json\/wp\/v2\/categories?post=109914"},{"taxonomy":"post_tag","embeddable":true,"href":"https:\/\/www.europesays.com\/pt\/wp-json\/wp\/v2\/tags?post=109914"}],"curies":[{"name":"wp","href":"https:\/\/api.w.org\/{rel}","templated":true}]}}