{"id":109949,"date":"2025-10-14T02:44:08","date_gmt":"2025-10-14T02:44:08","guid":{"rendered":"https:\/\/www.europesays.com\/pt\/109949\/"},"modified":"2025-10-14T02:44:08","modified_gmt":"2025-10-14T02:44:08","slug":"cancer-de-mama-pode-ser-mais-agressivo-em-mulheres-negras-segundo-mastologia","status":"publish","type":"post","link":"https:\/\/www.europesays.com\/pt\/109949\/","title":{"rendered":"C\u00e2ncer de mama pode ser mais agressivo em mulheres negras, segundo mastologia"},"content":{"rendered":"<p>                            <img width=\"944\" height=\"531\" src=\"https:\/\/www.europesays.com\/pt\/wp-content\/uploads\/2025\/10\/Atriz-da-DC-Comics-revela-diagnostico-de-cancer-e-faz-alerta-Licao-de-ouvir-o-seu-corpo-1-944x531.jp.jpeg\" class=\"attachment-custom-large size-custom-large article-featured-image\" alt=\"Atriz da DC Comics revela diagn\u00f3stico de c\u00e2ncer e faz alerta Li\u00e7\u00e3o de ouvir o seu corpo (1)\" fetchpriority=\"high\" decoding=\"async\"  \/><\/p>\n<p>Estimativa para 2025 \u00e9 de 3.860 novos diagn\u00f3sticos no Estado, sendo cerca de 340 apenas em Florian\u00f3polis (Foto: Arquivo NSC)<\/p>\n<p>Um estudo coordenado pelo Instituto Nacional de C\u00e2ncer (Inca) investiga se o <strong><a href=\"https:\/\/www.nsctotal.com.br\/noticias\/outubro-rosa-6-informacoes-essenciais-sobre-o-cancer-de-mama\" target=\"_blank\" rel=\"noreferrer noopener nofollow\">c\u00e2ncer de mama<\/a><\/strong> pode ser mais agressivo em mulheres negras brasileiras. A pesquisa, intitulada Mulheres Negras e C\u00e2ncer de Mama Triplo Negativo: Desafios e Solu\u00e7\u00f5es para o Sistema \u00danico de Sa\u00fade (Mantus), busca compreender os aspectos gen\u00e9ticos, sociais, ambientais e comportamentais que contribuem para essa desigualdade e propor melhorias no atendimento pelo SUS.<\/p>\n<p>Continua depois da publicidade<\/p>\n<p>Conforme o levantamento, em compara\u00e7\u00e3o com as brancas, o risco de morte \u00e9 57% maior entre negras e 10% maior entre pardas. Al\u00e9m disso, o padr\u00e3o se repete em outros pa\u00edses, segundo dados do Inca.<\/p>\n<p>\u2014 Esse tipo de c\u00e2ncer, o TNBC, n\u00e3o responde aos tratamentos hormonais convencionais e exige aten\u00e7\u00e3o redobrada. Infelizmente, ele \u00e9 mais comum entre mulheres negras, que muitas vezes enfrentam barreiras no acesso \u00e0 sa\u00fade (\u2026) O c\u00e2ncer de mama n\u00e3o escolhe cor de pele, por isso o sistema de sa\u00fade precisa garantir que ningu\u00e9m fique para tr\u00e1s. Toda mulher merece acesso ao diagn\u00f3stico precoce e tratamento digno, o ano inteiro, n\u00e3o s\u00f3 em outubro \u2014 explica Marcelo Padre, m\u00e9dico especialista em mastologia e reconstru\u00e7\u00e3o mam\u00e1ria desde 2021.<\/p>\n<p>Quando fazer a mamografia<\/p>\n<p>Diante do aumento de casos em mulheres mais jovens, o Minist\u00e9rio da Sa\u00fade passou a recomendar a mamografia a partir dos 40 anos, mesmo em mulheres sem sintomas. Antes, o exame era indicado apenas a partir dos 50. A faixa et\u00e1ria para rastreamento tamb\u00e9m foi ampliada at\u00e9 os 74 anos.<\/p>\n<p>Dados do relat\u00f3rio <strong><a href=\"https:\/\/www.nsctotal.com.br\/noticias\/outubro-rosa-6-informacoes-essenciais-sobre-o-cancer-de-mama\" target=\"_blank\" rel=\"noreferrer noopener nofollow\">Controle do C\u00e2ncer de Mama no Brasil:<\/a><\/strong> Dados e N\u00fameros 2025, publicado pelo INCA, apontam que Santa Catarina tem a maior taxa ajustada de incid\u00eancia de c\u00e2ncer de mama no pa\u00eds: 74,79 casos por 100 mil mulheres. A estimativa para 2025 \u00e9 de 3.860 novos diagn\u00f3sticos no Estado, sendo cerca de 340 apenas em Florian\u00f3polis.<\/p>\n<p>Continua depois da publicidade<\/p>\n<p>\u2014 Essa mudan\u00e7a \u00e9 muito positiva. Mulheres mais jovens est\u00e3o sendo diagnosticadas com c\u00e2ncer de mama, e agora temos respaldo oficial para come\u00e7ar a investigar mais cedo \u2014 ressalta o m\u00e9dico.<\/p>\n<p>*Sob supervis\u00e3o de Luana Amorim<\/p>\n<p>Leia mais<\/p>\n<p><strong><a href=\"https:\/\/www.nsctotal.com.br\/noticias\/outubro-rosa-6-informacoes-essenciais-sobre-o-cancer-de-mama\" target=\"_blank\" rel=\"noreferrer noopener nofollow\">Outubro rosa: 6 informa\u00e7\u00f5es essenciais sobre o c\u00e2ncer de mama<\/a><\/strong><\/p>\n","protected":false},"excerpt":{"rendered":"Estimativa para 2025 \u00e9 de 3.860 novos diagn\u00f3sticos no Estado, sendo cerca de 340 apenas em Florian\u00f3polis (Foto:&hellip;\n","protected":false},"author":2,"featured_media":109950,"comment_status":"","ping_status":"","sticky":false,"template":"","format":"standard","meta":{"footnotes":""},"categories":[86],"tags":[829,116,32,33,117],"class_list":{"0":"post-109949","1":"post","2":"type-post","3":"status-publish","4":"format-standard","5":"has-post-thumbnail","7":"category-saude","8":"tag-conteudo-liberado","9":"tag-health","10":"tag-portugal","11":"tag-pt","12":"tag-saude"},"share_on_mastodon":{"url":"","error":""},"_links":{"self":[{"href":"https:\/\/www.europesays.com\/pt\/wp-json\/wp\/v2\/posts\/109949","targetHints":{"allow":["GET"]}}],"collection":[{"href":"https:\/\/www.europesays.com\/pt\/wp-json\/wp\/v2\/posts"}],"about":[{"href":"https:\/\/www.europesays.com\/pt\/wp-json\/wp\/v2\/types\/post"}],"author":[{"embeddable":true,"href":"https:\/\/www.europesays.com\/pt\/wp-json\/wp\/v2\/users\/2"}],"replies":[{"embeddable":true,"href":"https:\/\/www.europesays.com\/pt\/wp-json\/wp\/v2\/comments?post=109949"}],"version-history":[{"count":0,"href":"https:\/\/www.europesays.com\/pt\/wp-json\/wp\/v2\/posts\/109949\/revisions"}],"wp:featuredmedia":[{"embeddable":true,"href":"https:\/\/www.europesays.com\/pt\/wp-json\/wp\/v2\/media\/109950"}],"wp:attachment":[{"href":"https:\/\/www.europesays.com\/pt\/wp-json\/wp\/v2\/media?parent=109949"}],"wp:term":[{"taxonomy":"category","embeddable":true,"href":"https:\/\/www.europesays.com\/pt\/wp-json\/wp\/v2\/categories?post=109949"},{"taxonomy":"post_tag","embeddable":true,"href":"https:\/\/www.europesays.com\/pt\/wp-json\/wp\/v2\/tags?post=109949"}],"curies":[{"name":"wp","href":"https:\/\/api.w.org\/{rel}","templated":true}]}}