{"id":109961,"date":"2025-10-14T03:05:10","date_gmt":"2025-10-14T03:05:10","guid":{"rendered":"https:\/\/www.europesays.com\/pt\/109961\/"},"modified":"2025-10-14T03:05:10","modified_gmt":"2025-10-14T03:05:10","slug":"antonio-caramelo-e-o-convidado-do-videocast-conversa-vai-conversa-vem-assista","status":"publish","type":"post","link":"https:\/\/www.europesays.com\/pt\/109961\/","title":{"rendered":"Antonio Caramelo \u00e9 o convidado do videocast &#8216;Conversa vai, conversa vem&#8217;; assista"},"content":{"rendered":"\n<p class=\" content-text__container \" data-track-category=\"Link no Texto\" data-track-links=\"\"> O ator e cantor, que com apenas 11 anos foi indicado ao Grammy Latino na categoria melhor \u00e1lbum infantil, fala das inspira\u00e7\u00f5es para suas m\u00fasicas, que abordam a import\u00e2ncia de preservar a natureza e o poder do cabelo black: &#8216;Muitas pessoas t\u00eam vergonha de deixar o solto. \u00c9 por causa de um preconceito, n\u00e9?&#8217; <\/p>\n<p class=\" content-text__container \" data-track-category=\"Link no Texto\" data-track-links=\"\"> Filho do ator Igor Rickli e da cantora e ex-BBB Aline Wirley, ele conta tamb\u00e9m que um de seus sonhos &#8220;aleat\u00f3rios&#8221; \u00e9 tocar em uma nuvem, mas que um sonho bem real seria viver em um mundo sem racismo e sem polui\u00e7\u00e3o. <\/p>\n<p>Assista \u00e0 entrevista completa no v\u00eddeo abaixo: <\/p>\n","protected":false},"excerpt":{"rendered":"O ator e cantor, que com apenas 11 anos foi indicado ao Grammy Latino na categoria melhor \u00e1lbum&hellip;\n","protected":false},"author":2,"featured_media":109962,"comment_status":"","ping_status":"","sticky":false,"template":"","format":"standard","meta":{"footnotes":""},"categories":[145],"tags":[211,210,6966,6967,114,115,32,33,679],"class_list":{"0":"post-109961","1":"post","2":"type-post","3":"status-publish","4":"format-standard","5":"has-post-thumbnail","7":"category-celebridades","8":"tag-celebridades","9":"tag-celebrities","10":"tag-conversa-vai","11":"tag-conversa-vem","12":"tag-entertainment","13":"tag-entretenimento","14":"tag-portugal","15":"tag-pt","16":"tag-reportagem"},"share_on_mastodon":{"url":"","error":""},"_links":{"self":[{"href":"https:\/\/www.europesays.com\/pt\/wp-json\/wp\/v2\/posts\/109961","targetHints":{"allow":["GET"]}}],"collection":[{"href":"https:\/\/www.europesays.com\/pt\/wp-json\/wp\/v2\/posts"}],"about":[{"href":"https:\/\/www.europesays.com\/pt\/wp-json\/wp\/v2\/types\/post"}],"author":[{"embeddable":true,"href":"https:\/\/www.europesays.com\/pt\/wp-json\/wp\/v2\/users\/2"}],"replies":[{"embeddable":true,"href":"https:\/\/www.europesays.com\/pt\/wp-json\/wp\/v2\/comments?post=109961"}],"version-history":[{"count":0,"href":"https:\/\/www.europesays.com\/pt\/wp-json\/wp\/v2\/posts\/109961\/revisions"}],"wp:featuredmedia":[{"embeddable":true,"href":"https:\/\/www.europesays.com\/pt\/wp-json\/wp\/v2\/media\/109962"}],"wp:attachment":[{"href":"https:\/\/www.europesays.com\/pt\/wp-json\/wp\/v2\/media?parent=109961"}],"wp:term":[{"taxonomy":"category","embeddable":true,"href":"https:\/\/www.europesays.com\/pt\/wp-json\/wp\/v2\/categories?post=109961"},{"taxonomy":"post_tag","embeddable":true,"href":"https:\/\/www.europesays.com\/pt\/wp-json\/wp\/v2\/tags?post=109961"}],"curies":[{"name":"wp","href":"https:\/\/api.w.org\/{rel}","templated":true}]}}