{"id":110006,"date":"2025-10-14T04:17:11","date_gmt":"2025-10-14T04:17:11","guid":{"rendered":"https:\/\/www.europesays.com\/pt\/110006\/"},"modified":"2025-10-14T04:17:11","modified_gmt":"2025-10-14T04:17:11","slug":"conhecido-rosto-declara-se-a-catarina-furtado-amo-te","status":"publish","type":"post","link":"https:\/\/www.europesays.com\/pt\/110006\/","title":{"rendered":"Conhecido rosto declara-se a Catarina Furtado: &#8220;Amo-te&#8221;"},"content":{"rendered":"<p>J\u00e9ssica Silva usou o Instagram, esta segunda-feira, dia 13, para se declarar a <a href=\"https:\/\/selfie.iol.pt\/famosos\/catarina-furtado\/catarina-furtado-faz-serio-alerta-por-favor-nao-se-deixem-enganar\/20251009\/68e80decd34e58bc6796b9db\" target=\"_blank\" rel=\"nofollow noopener\">Catarina Furtado<\/a>.<\/p>\n<p>&#8220;Amo-te&#8221;, escreveu a conhecida futebolista, dividindo com os seguidores uma fotografia na qual surge a abra\u00e7ar a apresentadora.<\/p>\n<p><a href=\"https:\/\/selfie.iol.pt\/famosos\/catarina-furtado\/catarina-furtado-recebe-triste-noticia-uma-perda-gigante-porque-a-catarina-era-gigante\/20251011\/68ea13b2d34ee0c2fed1221f\" target=\"_blank\" rel=\"nofollow noopener\">Catarina Furtado<\/a> repartilhou o mesmo registo e reagiu \u00e0 mensagem deixada por J\u00e9ssica Silva: &#8220;Minha menina que vive no meu cora\u00e7\u00e3o para sempre!&#8221;<\/p>\n<p>Veja, agora, nas galerias que prepar\u00e1mos para si, as melhores imagens de Catarina Furtado.<\/p>\n<p style=\"text-align:center\"><img loading=\"lazy\" decoding=\"async\" alt=\"\" height=\"896\" src=\"https:\/\/www.europesays.com\/pt\/wp-content\/uploads\/2025\/10\/68ed54ead34e58bc6796da17.webp\" width=\"500\"\/><\/p>\n<p>\u00a0<\/p>\n","protected":false},"excerpt":{"rendered":"J\u00e9ssica Silva usou o Instagram, esta segunda-feira, dia 13, para se declarar a Catarina Furtado. &#8220;Amo-te&#8221;, escreveu a&hellip;\n","protected":false},"author":2,"featured_media":110007,"comment_status":"","ping_status":"","sticky":false,"template":"","format":"standard","meta":{"footnotes":""},"categories":[145],"tags":[3539,8178,211,210,114,115,980,11384,1015,13703,619,32,33,420,2132,1012],"class_list":{"0":"post-110006","1":"post","2":"type-post","3":"status-publish","4":"format-standard","5":"has-post-thumbnail","7":"category-celebridades","8":"tag-apresentadora","9":"tag-catarina-furtado","10":"tag-celebridades","11":"tag-celebrities","12":"tag-entertainment","13":"tag-entretenimento","14":"tag-famosos","15":"tag-futebolista","16":"tag-instagram","17":"tag-jessica-silva","18":"tag-nacional","19":"tag-portugal","20":"tag-pt","21":"tag-rtp","22":"tag-rtp1","23":"tag-selfie"},"share_on_mastodon":{"url":"","error":""},"_links":{"self":[{"href":"https:\/\/www.europesays.com\/pt\/wp-json\/wp\/v2\/posts\/110006","targetHints":{"allow":["GET"]}}],"collection":[{"href":"https:\/\/www.europesays.com\/pt\/wp-json\/wp\/v2\/posts"}],"about":[{"href":"https:\/\/www.europesays.com\/pt\/wp-json\/wp\/v2\/types\/post"}],"author":[{"embeddable":true,"href":"https:\/\/www.europesays.com\/pt\/wp-json\/wp\/v2\/users\/2"}],"replies":[{"embeddable":true,"href":"https:\/\/www.europesays.com\/pt\/wp-json\/wp\/v2\/comments?post=110006"}],"version-history":[{"count":0,"href":"https:\/\/www.europesays.com\/pt\/wp-json\/wp\/v2\/posts\/110006\/revisions"}],"wp:featuredmedia":[{"embeddable":true,"href":"https:\/\/www.europesays.com\/pt\/wp-json\/wp\/v2\/media\/110007"}],"wp:attachment":[{"href":"https:\/\/www.europesays.com\/pt\/wp-json\/wp\/v2\/media?parent=110006"}],"wp:term":[{"taxonomy":"category","embeddable":true,"href":"https:\/\/www.europesays.com\/pt\/wp-json\/wp\/v2\/categories?post=110006"},{"taxonomy":"post_tag","embeddable":true,"href":"https:\/\/www.europesays.com\/pt\/wp-json\/wp\/v2\/tags?post=110006"}],"curies":[{"name":"wp","href":"https:\/\/api.w.org\/{rel}","templated":true}]}}