{"id":110008,"date":"2025-10-14T04:20:21","date_gmt":"2025-10-14T04:20:21","guid":{"rendered":"https:\/\/www.europesays.com\/pt\/110008\/"},"modified":"2025-10-14T04:20:21","modified_gmt":"2025-10-14T04:20:21","slug":"liliana-critica-colega-da-casa-esta-a-usa-la-para-fazer-ciumes-tvi-player","status":"publish","type":"post","link":"https:\/\/www.europesays.com\/pt\/110008\/","title":{"rendered":"Liliana critica colega da casa: \u00abEst\u00e1 a us\u00e1-la para fazer ci\u00fames\u00bb &#8211; TVI Player"},"content":{"rendered":"<ol>\n<li><a href=\"https:\/\/news.google.com\/rss\/articles\/CBMipAFBVV95cUxQVGZXQ0tLaHhsTS1tX3lkQ2owYU1EMmttVVJtT1NTMlkzXy1TdWtxSWk4aVVUQno4RWZhaWdPbVpaRGhXZHFRZVptV2s5eUVpMWlHclNoeTVWcTNOSUVDUkI1UDEyLXdJU2d1S1RRSDBFdS14dnRTalpESkIxRW4zTjMyTm9ma3VUN3pQYkI4RTFZdmViVTQ0MDlhMGppUFZjR2Z6Tg?oc=5\" target=\"_blank\" rel=\"nofollow noopener\">Liliana critica colega da casa: \u00abEst\u00e1 a us\u00e1-la para fazer ci\u00fames\u00bb<\/a>&nbsp;&nbsp;TVI Player<\/li>\n<li><a href=\"https:\/\/news.google.com\/rss\/articles\/CBMipgFBVV95cUxQSTlobXRfblBMcWpweTJQY1NlU2tiSllCMEZ6RlFVUlZWX3hqOGFDVUpCcGpZX0JrckF6UC1zTGpUUWR2Wks1cFBGZW11QThqTV8tUmlWMnFzVFlIeXloUkpiZXV0bkExazBqakZsdF9rc3lRSjljRUJDcjRHSUNDU19RMERqWU4tdFJ0Mk9vSW95dlJXczlxSUF5OXZsMFk3U3c1V0VR0gGrAUFVX3lxTE5ETlM4OHlpLWdMSXQzd040MThJMDFvbHdVTjh0WS1UTUhaQnRsWFZrbHQ2TWVBb2ZTTXJleGJLRHE1UXMxZ1lBVTBWOWZhcGttWldYSXdXVGZFQ2NUZDlsLVlDdGtCZzA0dktNY2NEU25Wa3FaR1N5aFc5VlhYV25mRmY4amMxb2s0T3BycE04bTlydDZKVFJ4R3pIRjRFczF0dm1mblE3R1FqRQ?oc=5\" target=\"_blank\" rel=\"nofollow noopener\">\u201cMostrou lideran\u00e7a\u201d: Especialista elogia \u201cdiscurso\u201d de Cristina Ferreira sobre Liliana<\/a>&nbsp;&nbsp;Hiper Fm<\/li>\n<li><a href=\"https:\/\/news.google.com\/rss\/articles\/CBMiwAFBVV95cUxPcXZsMVZyVFpLQ3FXSUZ0UGZ5REhSYkJKNmJPb05yZW1PVHZ3Slh6enBYbm4xaWU5Q05LV3NwdG9OeW8zQkxjRHZpaEFCM2ZySXg0NFNFVC1jUlFoaWNRVUhoTV9YcHNGdjloUllfTjBWbEswanBMWDg1UndFLVRLVVFiVW95cDJ5SEM0cnJXQ21RSmJkRE04NzB5OURVS3VYbXM3QmhyWWt4MFRWRW5NSzNYVmpPRlJLaG93ZVhYUVo?oc=5\" target=\"_blank\" rel=\"nofollow noopener\">\u201cN\u00e3o sei se \u00e9 pior\u201d: Carolina Braga reage indignada a declara\u00e7\u00f5es de F\u00e1bio sobre Liliana no Secret Story 9<\/a>&nbsp;&nbsp;infocul.pt<\/li>\n<li><a href=\"https:\/\/news.google.com\/rss\/articles\/CBMiswFBVV95cUxPLUJneGlBaWxjMnIzWk95Q1RFdUd3T1pSYVdlNHV3V0ZUS29jQkVYLWZIaFhWaFF4bkdLcm5RWHFsdzdCQmV1X1IxNTV0Sjd2Q3o5dWhsakpkX3BvdVUybFNrNWxkRjRFSnRjLU16Y0lUaWZjVGxVeV9CeGtUNlRqNHpkZk05NmZiNjJNeWc2UFFuRmJta0pObTJvNkVGRDBoRG5MbE5JUFVCS2poLTdLWXpxUQ?oc=5\" target=\"_blank\" rel=\"nofollow noopener\">Liliana chora ap\u00f3s segredo ser revelado: &#8220;Posso ter feito uma burrice&#8230;&#8221;<\/a>&nbsp;&nbsp;Not\u00edcias ao Minuto<\/li>\n<li><a href=\"https:\/\/news.google.com\/rss\/articles\/CBMizgFBVV95cUxQM3hOc1c2S2xRUU5oQzVEbjBXT3o1UzRUbkxXUDZPRGxWckNSc1VmbWRlRmQyTnJPa2cyWmxKVVJJSEhMaXhWbGVGZHRSSkUyeEhjd280LWFMeHFpdmFJUndhRXBpcmVRdGNDRzk3alBMU3lHNnpEUmprM1hmMFBIZDlRQ3l3TFFjQWNQX0oyME5aY2UxSWtRYzFKdDdSd2dFRzdZVzEtSkVYWERpU1BISENMZFVnS1pCNkxFdDUzR19wUjNSN1dzcXBJY2djUQ?oc=5\" target=\"_blank\" rel=\"nofollow noopener\">F\u00e1bio reage ao segredo de Liliana: &#8220;Est\u00e1 a ser um choque. Pesa-me na consci\u00eancia, mas n\u00e3o muda o que sinto&#8221;<\/a>&nbsp;&nbsp;A Televis\u00e3o<\/li>\n<\/ol>\n","protected":false},"excerpt":{"rendered":"Liliana critica colega da casa: \u00abEst\u00e1 a us\u00e1-la para fazer ci\u00fames\u00bb&nbsp;&nbsp;TVI Player \u201cMostrou lideran\u00e7a\u201d: Especialista elogia \u201cdiscurso\u201d de&hellip;\n","protected":false},"author":2,"featured_media":110009,"comment_status":"","ping_status":"","sticky":false,"template":"","format":"standard","meta":{"footnotes":""},"categories":[142],"tags":[114,115,19016,884,32,33,151],"class_list":{"0":"post-110008","1":"post","2":"type-post","3":"status-publish","4":"format-standard","5":"has-post-thumbnail","7":"category-tv","8":"tag-entertainment","9":"tag-entretenimento","10":"tag-liliana","11":"tag-mariana","12":"tag-portugal","13":"tag-pt","14":"tag-tv"},"share_on_mastodon":{"url":"","error":""},"_links":{"self":[{"href":"https:\/\/www.europesays.com\/pt\/wp-json\/wp\/v2\/posts\/110008","targetHints":{"allow":["GET"]}}],"collection":[{"href":"https:\/\/www.europesays.com\/pt\/wp-json\/wp\/v2\/posts"}],"about":[{"href":"https:\/\/www.europesays.com\/pt\/wp-json\/wp\/v2\/types\/post"}],"author":[{"embeddable":true,"href":"https:\/\/www.europesays.com\/pt\/wp-json\/wp\/v2\/users\/2"}],"replies":[{"embeddable":true,"href":"https:\/\/www.europesays.com\/pt\/wp-json\/wp\/v2\/comments?post=110008"}],"version-history":[{"count":0,"href":"https:\/\/www.europesays.com\/pt\/wp-json\/wp\/v2\/posts\/110008\/revisions"}],"wp:featuredmedia":[{"embeddable":true,"href":"https:\/\/www.europesays.com\/pt\/wp-json\/wp\/v2\/media\/110009"}],"wp:attachment":[{"href":"https:\/\/www.europesays.com\/pt\/wp-json\/wp\/v2\/media?parent=110008"}],"wp:term":[{"taxonomy":"category","embeddable":true,"href":"https:\/\/www.europesays.com\/pt\/wp-json\/wp\/v2\/categories?post=110008"},{"taxonomy":"post_tag","embeddable":true,"href":"https:\/\/www.europesays.com\/pt\/wp-json\/wp\/v2\/tags?post=110008"}],"curies":[{"name":"wp","href":"https:\/\/api.w.org\/{rel}","templated":true}]}}