{"id":110013,"date":"2025-10-14T04:30:56","date_gmt":"2025-10-14T04:30:56","guid":{"rendered":"https:\/\/www.europesays.com\/pt\/110013\/"},"modified":"2025-10-14T04:30:56","modified_gmt":"2025-10-14T04:30:56","slug":"madrugada-historica-de-um-novo-medio-oriente","status":"publish","type":"post","link":"https:\/\/www.europesays.com\/pt\/110013\/","title":{"rendered":"Madrugada Hist\u00f3rica de um Novo M\u00e9dio Oriente"},"content":{"rendered":"<p>O presidente dos EUA, Donald Trump, diz no Knesset que este &#8220;n\u00e3o \u00e9 apenas o fim de uma guerra, \u00e9 o fim de uma era de terror e de morte&#8221; e &#8220;o amanhecer hist\u00f3rico de um novo M\u00e9dio Oriente&#8221;. <\/p>\n<p>Trump fala num &#8220;dia de alegria profunda&#8221;, lembrando que &#8220;depois de tantos anos de guerra incessante e de perigos intermin\u00e1veis, hoje os c\u00e9us est\u00e3o calmos, as armas est\u00e3o silenciosas e as sirenes est\u00e3o paradas.&#8221;<\/p>\n<p><strong>&#8220;A terra sagrada est\u00e1 finalmente em paz&#8221; e que, &#8220;se Deus quiser, ser\u00e1 uma paz para toda a eternidade&#8221;, referiu.<\/strong><\/p>\n<p>&#8220;\u00c9 o in\u00edcio de uma grande conc\u00f3rdia e de uma harmonia duradoura para Israel e para todas as na\u00e7\u00f5es do que ser\u00e1 em breve uma regi\u00e3o verdadeiramente magn\u00edfica&#8221;.<\/p>\n<p>O presidente \u00e9 aplaudido v\u00e1rias vezes de p\u00e9, dizendo que \u00e9 uma &#8220;grande honra&#8221; poder discursar no Knesset nesta ocasi\u00e3o.<\/p>\n<p>&#8220;Agora, finalmente, n\u00e3o s\u00f3 para os israelitas, mas tamb\u00e9m para os palestinianos e muitos outros. <strong>O longo e doloroso pesadelo acabou finalmente<\/strong>&#8220;, disse.<\/p>\n<p>Trump falou &#8220;numa conquista sem precedentes&#8221;, explicando que &#8220;praticamente toda a regi\u00e3o endossou o plano de que Gaza ser\u00e1 imediatamente desmilitarizada, que o Hamas ser\u00e1 desarmado e que a seguran\u00e7a de Israel n\u00e3o ser\u00e1 mais amea\u00e7ada de forma alguma&#8221;.<\/p>\n<p>O presidente lembrou contudo que &#8220;agora \u00e9 tempo de transformar estas vit\u00f3rias contra os terroristas no campo de batalha no pr\u00e9mio m\u00e1ximo de paz e prosperidade para todo o M\u00e9dio Oriente. J\u00e1 passou da hora de poderem desfrutar dos frutos do vosso trabalho.&#8221;<\/p>\n<p>Trump disse que a escolha dos palestinianos n\u00e3o podia ser mais clara. <strong>&#8220;Esta \u00e9 a sua oportunidade de se afastarem para sempre do caminho do terror e da viol\u00eancia. Exilar as for\u00e7as perversas do \u00f3dio que est\u00e3o entre eles. E acho que isso vai acontecer.<\/strong>&#8220;<\/p>\n<p>O presidente iniciou o seu discurso elogiando <strong>&#8220;20 ref\u00e9ns corajosos&#8221;<\/strong> que, segundo ele, est\u00e3o a &#8220;regressar ao glorioso abra\u00e7o das suas fam\u00edlias. E \u00e9 glorioso&#8221;.<\/p>\n","protected":false},"excerpt":{"rendered":"O presidente dos EUA, Donald Trump, diz no Knesset que este &#8220;n\u00e3o \u00e9 apenas o fim de uma&hellip;\n","protected":false},"author":2,"featured_media":110014,"comment_status":"","ping_status":"","sticky":false,"template":"","format":"standard","meta":{"footnotes":""},"categories":[8],"tags":[258,27,28,92,413,15,16,532,14,82,259,25,26,21,22,12,13,19,20,32,23,24,33,17,18,29,30,31],"class_list":{"0":"post-110013","1":"post","2":"type-post","3":"status-publish","4":"format-standard","5":"has-post-thumbnail","7":"category-principais-noticias","8":"tag-benjamin-netanyahu","9":"tag-breaking-news","10":"tag-breakingnews","11":"tag-donald-trump","12":"tag-eua","13":"tag-featured-news","14":"tag-featurednews","15":"tag-gaza","16":"tag-headlines","17":"tag-internacional","18":"tag-israel","19":"tag-latest-news","20":"tag-latestnews","21":"tag-main-news","22":"tag-mainnews","23":"tag-news","24":"tag-noticias","25":"tag-noticias-principais","26":"tag-noticiasprincipais","27":"tag-portugal","28":"tag-principais-noticias","29":"tag-principaisnoticias","30":"tag-pt","31":"tag-top-stories","32":"tag-topstories","33":"tag-ultimas","34":"tag-ultimas-noticias","35":"tag-ultimasnoticias"},"share_on_mastodon":{"url":"","error":""},"_links":{"self":[{"href":"https:\/\/www.europesays.com\/pt\/wp-json\/wp\/v2\/posts\/110013","targetHints":{"allow":["GET"]}}],"collection":[{"href":"https:\/\/www.europesays.com\/pt\/wp-json\/wp\/v2\/posts"}],"about":[{"href":"https:\/\/www.europesays.com\/pt\/wp-json\/wp\/v2\/types\/post"}],"author":[{"embeddable":true,"href":"https:\/\/www.europesays.com\/pt\/wp-json\/wp\/v2\/users\/2"}],"replies":[{"embeddable":true,"href":"https:\/\/www.europesays.com\/pt\/wp-json\/wp\/v2\/comments?post=110013"}],"version-history":[{"count":0,"href":"https:\/\/www.europesays.com\/pt\/wp-json\/wp\/v2\/posts\/110013\/revisions"}],"wp:featuredmedia":[{"embeddable":true,"href":"https:\/\/www.europesays.com\/pt\/wp-json\/wp\/v2\/media\/110014"}],"wp:attachment":[{"href":"https:\/\/www.europesays.com\/pt\/wp-json\/wp\/v2\/media?parent=110013"}],"wp:term":[{"taxonomy":"category","embeddable":true,"href":"https:\/\/www.europesays.com\/pt\/wp-json\/wp\/v2\/categories?post=110013"},{"taxonomy":"post_tag","embeddable":true,"href":"https:\/\/www.europesays.com\/pt\/wp-json\/wp\/v2\/tags?post=110013"}],"curies":[{"name":"wp","href":"https:\/\/api.w.org\/{rel}","templated":true}]}}