{"id":110015,"date":"2025-10-14T04:32:09","date_gmt":"2025-10-14T04:32:09","guid":{"rendered":"https:\/\/www.europesays.com\/pt\/110015\/"},"modified":"2025-10-14T04:32:09","modified_gmt":"2025-10-14T04:32:09","slug":"irmaos-baldwin-sofrem-acidente-de-carro-nos-hamptons-observador","status":"publish","type":"post","link":"https:\/\/www.europesays.com\/pt\/110015\/","title":{"rendered":"Irm\u00e3os Baldwin sofrem acidente de carro nos Hamptons \u2013 Observador"},"content":{"rendered":"<p>O ator norte-americano Alec Baldwin, de 67 anos, e o seu irm\u00e3o Stephen, de 59, sofreram um acidente de carro esta segunda-feira nos Hamptons, nos Estados Unidos. De acordo com o <a href=\"https:\/\/nypost.com\/2025\/10\/13\/entertainment\/alec-baldwin-crashes-range-rover-into-tree-in-the-hamptons\/\" rel=\"nofollow noopener\" target=\"_blank\">New York Post<\/a>, o Range Rover branco bateu violentamente contra uma \u00e1rvore na\u00a0Montauk Highway, em East Hampton, numa altura em que chovia muito. Nenhum dos envolvidos apresentou ferimentos graves.<\/p>\n<p>Segundo o mesmo jornal, Stephen, pai da modelo Hailey Bieber, foi visto a tirar fotografias ao local do acidente e a conversar com os agentes da pol\u00edcia. \u201cAs condi\u00e7\u00f5es meteorol\u00f3gicas estavam extremamente perigosas, com chuva intensa e piso escorregadio\u201d, relatou uma fonte pr\u00f3xima citada pelo <a href=\"https:\/\/www.dailymail.co.uk\/tvshowbiz\/article-15189065\/Alec-Baldwin-car-crash-Hamptons-brother-Stephen.html\" rel=\"nofollow noopener\" target=\"_blank\">Daily Mail<\/a>.<\/p>\n<blockquote class=\"twitter-tweet\" data-width=\"500\" data-dnt=\"true\">\n<p lang=\"en\" dir=\"ltr\">Alec Baldwin crashes Range Rover into tree in the Hamptons <a href=\"https:\/\/t.co\/BQOxjwEXPk\" rel=\"nofollow\">https:\/\/t.co\/BQOxjwEXPk<\/a> <a href=\"https:\/\/t.co\/PkscDhJPw8\" rel=\"nofollow\">pic.twitter.com\/PkscDhJPw8<\/a><\/p>\n<p>\u2014 New York Post (@nypost) <a href=\"https:\/\/twitter.com\/nypost\/status\/1977861161883254803?ref_src=twsrc%5Etfw\" rel=\"nofollow noopener\" target=\"_blank\">October 13, 2025<\/a><\/p>\n<\/blockquote>\n<p>O acidente ocorreu um dia ap\u00f3s os irm\u00e3os terem participado no 33.\u00ba Festival Internacional de Cinema dos Hamptons, onde Alec, co-presidente do comit\u00e9 executivo, marcou presen\u00e7a em v\u00e1rias sess\u00f5es e debates.<\/p>\n<p><strong>[Apesar da euforia em torno de Freitas, Soares recupera. O debate com Zenha ser\u00e1 decisivo. Quando acabar, nunca mais ser\u00e3o amigos.\u00a0A\u00a0<a href=\"https:\/\/observador.pt\/programas\/a-eleio-mais-louca-de-sempre\/episodio-3-ele-nao-e-meu-irmao\/\" rel=\"nofollow noopener\" target=\"_blank\">\u201cElei\u00e7\u00e3o Mais Louca de Sempre\u201d<\/a>\u00a0\u00e9 o novo Podcast Plus do Observador sobre as Presidenciais de 1986. Uma s\u00e9rie narrada pelo ator Gon\u00e7alo Waddington, com banda sonora original de Samuel \u00daria. Pode ouvir\u00a0<a href=\"https:\/\/observador.pt\/programas\/a-eleio-mais-louca-de-sempre\/episodio-3-ele-nao-e-meu-irmao\/\" target=\"_blank\" rel=\"noopener nofollow\">aqui<\/a>, no\u00a0Observador, e tamb\u00e9m na\u00a0<a href=\"https:\/\/podcasts.apple.com\/pt\/podcast\/epis%C3%B3dio-3-ele-n%C3%A3o-%C3%A9-meu-irm%C3%A3o\/id1841273464?i=1000731696598\" target=\"_blank\" rel=\"noopener nofollow\">Apple Podcasts<\/a>, no\u00a0<a href=\"https:\/\/open.spotify.com\/episode\/46BVbcvVdeR0JAPt0QqY3V?si=66ce21905d6c443c\" target=\"_blank\" rel=\"noopener nofollow\">Spotify<\/a>\u00a0e no\u00a0<a href=\"https:\/\/music.youtube.com\/watch?v=FAhQNHEr5Tc&amp;si=yiJlZG-PAvTSgxsu\" target=\"_blank\" rel=\"noopener nofollow\">Youtube Music<\/a>. E pode ouvir o primeiro epis\u00f3dio\u00a0<a href=\"https:\/\/observador.pt\/programas\/a-eleio-mais-louca-de-sempre\/estreia-a-eleicao-mais-louca-de-sempre-episodio-1-apostamos-no-cavalo-errado\/\" rel=\"nofollow noopener\" target=\"_blank\">aqui<\/a>\u00a0e o segundo\u00a0<a href=\"https:\/\/observador.pt\/programas\/a-eleio-mais-louca-de-sempre\/episodio-2-uma-traicao-inesperada\/\" rel=\"nofollow noopener\" target=\"_blank\">aqui<\/a>]<\/strong><\/p>\n<p><a href=\"https:\/\/observador.pt\/programas\/a-eleio-mais-louca-de-sempre\/episodio-3-ele-nao-e-meu-irmao\/\" rel=\"nofollow noopener\" target=\"_blank\"><\/p>\n<p>        <img src=\"https:\/\/www.europesays.com\/pt\/wp-content\/uploads\/2025\/10\/fundov1-a-eleicao-mais-louca-de-sempre.jpg\" alt=\"\" loading=\"lazy\" decoding=\"async\" class=\"alignnone\" onload=\"this.parentElement.classList.remove('spinner')\" onerror=\"this.parentElement.classList.remove('spinner')\" width=\"1440\" height=\"810\"\/>    <\/p>\n<p><\/a><\/p>\n<p>            <script async src=\"https:\/\/platform.twitter.com\/widgets.js\" charset=\"utf-8\"><\/script><\/p>\n","protected":false},"excerpt":{"rendered":"O ator norte-americano Alec Baldwin, de 67 anos, e o seu irm\u00e3o Stephen, de 59, sofreram um acidente&hellip;\n","protected":false},"author":2,"featured_media":110016,"comment_status":"","ping_status":"","sticky":false,"template":"","format":"standard","meta":{"footnotes":""},"categories":[145],"tags":[59,624,211,210,114,115,623,186,62,32,33,58],"class_list":{"0":"post-110015","1":"post","2":"type-post","3":"status-publish","4":"format-standard","5":"has-post-thumbnail","7":"category-celebridades","8":"tag-acidente","9":"tag-amu00e9rica","10":"tag-celebridades","11":"tag-celebrities","12":"tag-entertainment","13":"tag-entretenimento","14":"tag-estados-unidos-da-amu00e9rica","15":"tag-lifestyle","16":"tag-mundo","17":"tag-portugal","18":"tag-pt","19":"tag-sociedade"},"share_on_mastodon":{"url":"","error":""},"_links":{"self":[{"href":"https:\/\/www.europesays.com\/pt\/wp-json\/wp\/v2\/posts\/110015","targetHints":{"allow":["GET"]}}],"collection":[{"href":"https:\/\/www.europesays.com\/pt\/wp-json\/wp\/v2\/posts"}],"about":[{"href":"https:\/\/www.europesays.com\/pt\/wp-json\/wp\/v2\/types\/post"}],"author":[{"embeddable":true,"href":"https:\/\/www.europesays.com\/pt\/wp-json\/wp\/v2\/users\/2"}],"replies":[{"embeddable":true,"href":"https:\/\/www.europesays.com\/pt\/wp-json\/wp\/v2\/comments?post=110015"}],"version-history":[{"count":0,"href":"https:\/\/www.europesays.com\/pt\/wp-json\/wp\/v2\/posts\/110015\/revisions"}],"wp:featuredmedia":[{"embeddable":true,"href":"https:\/\/www.europesays.com\/pt\/wp-json\/wp\/v2\/media\/110016"}],"wp:attachment":[{"href":"https:\/\/www.europesays.com\/pt\/wp-json\/wp\/v2\/media?parent=110015"}],"wp:term":[{"taxonomy":"category","embeddable":true,"href":"https:\/\/www.europesays.com\/pt\/wp-json\/wp\/v2\/categories?post=110015"},{"taxonomy":"post_tag","embeddable":true,"href":"https:\/\/www.europesays.com\/pt\/wp-json\/wp\/v2\/tags?post=110015"}],"curies":[{"name":"wp","href":"https:\/\/api.w.org\/{rel}","templated":true}]}}