{"id":110017,"date":"2025-10-14T04:36:59","date_gmt":"2025-10-14T04:36:59","guid":{"rendered":"https:\/\/www.europesays.com\/pt\/110017\/"},"modified":"2025-10-14T04:36:59","modified_gmt":"2025-10-14T04:36:59","slug":"ela-e-pior-que-a-outra","status":"publish","type":"post","link":"https:\/\/www.europesays.com\/pt\/110017\/","title":{"rendered":"Ela \u00e9 pior que a outra"},"content":{"rendered":"<p>\t\t\t\t\t\t\t\t\t\t\t\t<a href=\"#\" onclick=\"window.open('http:\/\/www.facebook.com\/sharer.php?u=https:\/\/cusquices.com\/mae-de-dylan-nao-aprova-relacionamento-com-vera-ela-e-pior-que-a-outra\/&amp;t=M\u00e3e de Dylan n\u00e3o aprova relacionamento com Vera: \u201cEla \u00e9 pior que a outra\u201d', 'facebookShare', 'width=626,height=436'); return false;\" title=\"Share on Facebook\"><\/p>\n<p>Share<\/p>\n<p><\/a><br \/>\n\t\t\t\t\t\t\t\t\t\t\t\t<a href=\"#\" onclick=\"window.open('http:\/\/twitter.com\/share?text=M\u00e3e de Dylan n\u00e3o aprova relacionamento com Vera: \u201cEla \u00e9 pior que a outra\u201d -&amp;url=https:\/\/cusquices.com\/mae-de-dylan-nao-aprova-relacionamento-com-vera-ela-e-pior-que-a-outra\/', 'twitterShare', 'width=626,height=436'); return false;\" title=\"Tweet This Post\"><\/p>\n<p>Tweet<\/p>\n<p><\/a><br \/>\n\t\t\t\t\t\t\t\t\t\t\t\t<a href=\"whatsapp:\/\/send?text=M\u00e3e de Dylan n\u00e3o aprova relacionamento com Vera: \u201cEla \u00e9 pior que a outra\u201d https:\/\/cusquices.com\/mae-de-dylan-nao-aprova-relacionamento-com-vera-ela-e-pior-que-a-outra\/\" rel=\"nofollow\"><\/p>\n<p>Share<\/p>\n<p><\/a><br \/>\n\t\t\t\t\t\t\t\t\t\t\t\t<a href=\"#\" onclick=\"window.open('http:\/\/pinterest.com\/pin\/create\/button\/?url=https:\/\/cusquices.com\/mae-de-dylan-nao-aprova-relacionamento-com-vera-ela-e-pior-que-a-outra\/&amp;media=https:\/\/cusquices.com\/wp-content\/uploads\/2025\/10\/vera-dylan-1000x600.jpg&amp;description=M\u00e3e de Dylan n\u00e3o aprova relacionamento com Vera: \u201cEla \u00e9 pior que a outra\u201d', 'pinterestShare', 'width=750,height=350'); return false;\" title=\"Pin This Post\"><\/p>\n<p>Share<\/p>\n<p><\/a><br \/>\n\t\t\t\t\t\t\t\t\t\t\t\t<a href=\"mailto:?subject=M\u00e3e de Dylan n\u00e3o aprova relacionamento com Vera: \u201cEla \u00e9 pior que a outra\u201d&amp;BODY=I found this article interesting and thought of sharing it with you. Check it out: https:\/\/cusquices.com\/mae-de-dylan-nao-aprova-relacionamento-com-vera-ela-e-pior-que-a-outra\/\"><\/p>\n<p>Email<\/p>\n<p><\/a><br \/>\n\t\t\t\t\t\t\t\t\t\t\t\t\t\t\t\t\t\t\t\t\t\t\t\t\t\t\t\t\t\t\t\t\t\t\t\t\t\t\t\t\t\t\t\t\t\t\t\t\t\t\t\t\t<a href=\"https:\/\/cusquices.com\/mae-de-dylan-nao-aprova-relacionamento-com-vera-ela-e-pior-que-a-outra\/#respond\" rel=\"nofollow noopener\" target=\"_blank\"><\/p>\n<p><strong>Dylan e Vera<\/strong> t\u00eam estado cada vez mais pr\u00f3ximos dentro da casa do Secret Story 9. A cumplicidade entres os dois concorrentes \u00e9 not\u00f3ria e at\u00e9 j\u00e1 trocaram beijos e car\u00edcias. <\/p>\n<p>No entanto, esta aproxima\u00e7\u00e3o n\u00e3o est\u00e1 a agradar a todos. Em declara\u00e7\u00f5es \u00e0 TV Guia, Rosa, m\u00e3e do concorrente, mostrou-se contra o relacionamento e deixou claro que n\u00e3o aprova a liga\u00e7\u00e3o do filho a Vera.<\/p>\n<p><strong>\u201cN\u00e3o sei se ele est\u00e1 a jogar ou se est\u00e1 a falar a s\u00e9rio, mas ele est\u00e1 tolo? O que \u00e9 que viu nela?\u201d,<\/strong> come\u00e7ou por dizer Rosa, que disparou de seguida contra Vera: <strong>\u201cEla \u00e9 pior do que a outra\u201d<\/strong>.<\/p>\n<p>A m\u00e3e do concorrente teme que ele venha a sofrer como sofreu com a ex-namorada: <strong>\u201cN\u00e3o quero que ele viva isso outra vez. A outra proibiu-o de falar com toda a gente, ele ficou irreconhec\u00edvel. Foi uma fase muito dif\u00edcil para ele e as duas s\u00e3o muito parecidas. Vamos l\u00e1 ver no que isto vai dar\u201d.<\/strong><\/p>\n<p><strong>Leia tamb\u00e9m:<\/strong><\/p>\n<p>\t\t\t\t\t\t\t\t\t\t\t\t\t\t\t\t\t\t\t\t\t\t\t\t\t<img decoding=\"async\" src=\"https:\/\/www.europesays.com\/pt\/wp-content\/uploads\/2025\/10\/cusquices-logo-52x.png\" class=\"webpexpress-processed\"\/><\/p>\n<p>\t\t\t\t\t\t\t\t\t\t\t\t\t\t\t\t\t\t\t\t\t            \t\t\t\t\t\t\t\t\t\t\t\t\t\t\t\t\t\t\t\t\t\t\t\t\t\t\t\t\t\t\t\t\t\t\t\t\t\t\t<script async src=\"https:\/\/platform.twitter.com\/widgets.js\" charset=\"utf-8\"><\/script><\/p>\n","protected":false},"excerpt":{"rendered":"Share Tweet Share Share Email Dylan e Vera t\u00eam estado cada vez mais pr\u00f3ximos dentro da casa do&hellip;\n","protected":false},"author":2,"featured_media":110018,"comment_status":"","ping_status":"","sticky":false,"template":"","format":"standard","meta":{"footnotes":""},"categories":[142],"tags":[2632,49,19105,114,115,32,33,151,11841],"class_list":{"0":"post-110017","1":"post","2":"type-post","3":"status-publish","4":"format-standard","5":"has-post-thumbnail","7":"category-tv","8":"tag-casa-dos-segredos","9":"tag-destaques","10":"tag-dylan","11":"tag-entertainment","12":"tag-entretenimento","13":"tag-portugal","14":"tag-pt","15":"tag-tv","16":"tag-vera"},"share_on_mastodon":{"url":"","error":""},"_links":{"self":[{"href":"https:\/\/www.europesays.com\/pt\/wp-json\/wp\/v2\/posts\/110017","targetHints":{"allow":["GET"]}}],"collection":[{"href":"https:\/\/www.europesays.com\/pt\/wp-json\/wp\/v2\/posts"}],"about":[{"href":"https:\/\/www.europesays.com\/pt\/wp-json\/wp\/v2\/types\/post"}],"author":[{"embeddable":true,"href":"https:\/\/www.europesays.com\/pt\/wp-json\/wp\/v2\/users\/2"}],"replies":[{"embeddable":true,"href":"https:\/\/www.europesays.com\/pt\/wp-json\/wp\/v2\/comments?post=110017"}],"version-history":[{"count":0,"href":"https:\/\/www.europesays.com\/pt\/wp-json\/wp\/v2\/posts\/110017\/revisions"}],"wp:featuredmedia":[{"embeddable":true,"href":"https:\/\/www.europesays.com\/pt\/wp-json\/wp\/v2\/media\/110018"}],"wp:attachment":[{"href":"https:\/\/www.europesays.com\/pt\/wp-json\/wp\/v2\/media?parent=110017"}],"wp:term":[{"taxonomy":"category","embeddable":true,"href":"https:\/\/www.europesays.com\/pt\/wp-json\/wp\/v2\/categories?post=110017"},{"taxonomy":"post_tag","embeddable":true,"href":"https:\/\/www.europesays.com\/pt\/wp-json\/wp\/v2\/tags?post=110017"}],"curies":[{"name":"wp","href":"https:\/\/api.w.org\/{rel}","templated":true}]}}