{"id":110025,"date":"2025-10-14T04:58:13","date_gmt":"2025-10-14T04:58:13","guid":{"rendered":"https:\/\/www.europesays.com\/pt\/110025\/"},"modified":"2025-10-14T04:58:13","modified_gmt":"2025-10-14T04:58:13","slug":"casa-dos-segredos-carro-de-mara-spinola-vandalizado-e-assaltado-video","status":"publish","type":"post","link":"https:\/\/www.europesays.com\/pt\/110025\/","title":{"rendered":"Casa dos Segredos &#8211; Carro de Mara Sp\u00ednola vandalizado e assaltado (V\u00ccDEO)"},"content":{"rendered":"<p><strong>Mara Spinola<\/strong>, ex-concorrente da Casa dos Segredos, recorreu \u00e0s redes sociais para partilhar um epis\u00f3dio que a deixou surpresa. A madeirense descobriu\u00a0que <strong>o seu carro tinha sido vandalizado e assaltado.<\/strong><\/p>\n<p>Mara filmou-se a chegar ao carro, que tinha os vidros partidos,\u00a0mostrando os estragos no seu Smart. Mara explicou ainda que n\u00e3o compreende o motivo do ataque:<strong> \u201cN\u00e3o tinha nada, nada mesmo para roubar. Nada. N\u00e3o percebo esta gente, mas pronto, c\u00e1 estou eu, n\u00e3o \u00e9?\u201d<\/strong><\/p>\n<p>Leia ainda:\u00a0<a href=\"https:\/\/www.novagente.pt\/casa-dos-segredos-joana-seixas-apresenta-queixa-contra-reality-apos-polemica-com-fabio-marisa\" rel=\"nofollow noopener\" target=\"_blank\">Joana Seixas apresenta queixa contra a Casa dos Segredos ap\u00f3s pol\u00e9mica<\/a><\/p>\n<p>Nas imagens, \u00e9 poss\u00edvel ver o interior do ve\u00edculo com o vidro completamente destru\u00eddo, enquanto a ex-concorrente tenta manter a calma. <strong>Ora Veja:<\/strong><\/p>\n<p>Texto: Tiago Miguel Sim\u00f5es; Fotos: Impala e Instagram<\/p>\n<p class=\"intagram-text\">Siga a Nova Gente no Instagram<\/p>\n<p>                        <a href=\"https:\/\/www.instagram.com\/revistanovagente\/\" target=\"_blank\" aria-label=\"instagram\" rel=\"noopener nofollow\"><img decoding=\"async\" style=\"display: block; margin-left: auto; margin-right: auto; width: 250px; height: 83px;\" src=\"https:\/\/www.europesays.com\/pt\/wp-content\/uploads\/2025\/09\/Instagram_NG.png\" alt=\"instagram\"\/><\/a><br \/>\n                    <script async src=\"\/\/www.instagram.com\/embed.js\"><\/script><\/p>\n","protected":false},"excerpt":{"rendered":"Mara Spinola, ex-concorrente da Casa dos Segredos, recorreu \u00e0s redes sociais para partilhar um epis\u00f3dio que a deixou&hellip;\n","protected":false},"author":2,"featured_media":110026,"comment_status":"","ping_status":"","sticky":false,"template":"","format":"standard","meta":{"footnotes":""},"categories":[142],"tags":[26162,3981,2632,114,115,26161,32,33,151,162],"class_list":{"0":"post-110025","1":"post","2":"type-post","3":"status-publish","4":"format-standard","5":"has-post-thumbnail","7":"category-tv","8":"tag-assaltado","9":"tag-carro","10":"tag-casa-dos-segredos","11":"tag-entertainment","12":"tag-entretenimento","13":"tag-mara-spinola","14":"tag-portugal","15":"tag-pt","16":"tag-tv","17":"tag-tvi"},"share_on_mastodon":{"url":"","error":""},"_links":{"self":[{"href":"https:\/\/www.europesays.com\/pt\/wp-json\/wp\/v2\/posts\/110025","targetHints":{"allow":["GET"]}}],"collection":[{"href":"https:\/\/www.europesays.com\/pt\/wp-json\/wp\/v2\/posts"}],"about":[{"href":"https:\/\/www.europesays.com\/pt\/wp-json\/wp\/v2\/types\/post"}],"author":[{"embeddable":true,"href":"https:\/\/www.europesays.com\/pt\/wp-json\/wp\/v2\/users\/2"}],"replies":[{"embeddable":true,"href":"https:\/\/www.europesays.com\/pt\/wp-json\/wp\/v2\/comments?post=110025"}],"version-history":[{"count":0,"href":"https:\/\/www.europesays.com\/pt\/wp-json\/wp\/v2\/posts\/110025\/revisions"}],"wp:featuredmedia":[{"embeddable":true,"href":"https:\/\/www.europesays.com\/pt\/wp-json\/wp\/v2\/media\/110026"}],"wp:attachment":[{"href":"https:\/\/www.europesays.com\/pt\/wp-json\/wp\/v2\/media?parent=110025"}],"wp:term":[{"taxonomy":"category","embeddable":true,"href":"https:\/\/www.europesays.com\/pt\/wp-json\/wp\/v2\/categories?post=110025"},{"taxonomy":"post_tag","embeddable":true,"href":"https:\/\/www.europesays.com\/pt\/wp-json\/wp\/v2\/tags?post=110025"}],"curies":[{"name":"wp","href":"https:\/\/api.w.org\/{rel}","templated":true}]}}