{"id":110029,"date":"2025-10-14T05:02:20","date_gmt":"2025-10-14T05:02:20","guid":{"rendered":"https:\/\/www.europesays.com\/pt\/110029\/"},"modified":"2025-10-14T05:02:20","modified_gmt":"2025-10-14T05:02:20","slug":"intestino-e-cerebro-estudos-fazem-crescer-preocupacoes-sobre-impactos-dos-microplasticos","status":"publish","type":"post","link":"https:\/\/www.europesays.com\/pt\/110029\/","title":{"rendered":"Intestino e c\u00e9rebro: estudos fazem crescer preocupa\u00e7\u00f5es sobre impactos dos micropl\u00e1sticos"},"content":{"rendered":"<p>Um <a href=\"http:\/\/www.sciencedirect.com\/science\/article\/pii\/S0269749124021547\" target=\"_blank\" rel=\"nofollow noopener\">estudo<\/a> de cientistas austr\u00edacos, apresentado recentemente numa confer\u00eancia sobre gastroenterologia, aponta que as part\u00edculas de micropl\u00e1sticos prejudicam a microbiota intestinal. O investigador Christian Pacher-Deutsch, da Universidade de Graz (\u00c1ustria), co-autor da investiga\u00e7\u00e3o, exp\u00f4s bact\u00e9rias intestinais de cinco volunt\u00e1rios saud\u00e1veis a cinco tipos comuns de micropl\u00e1sticos. As an\u00e1lises indicaram altera\u00e7\u00f5es nas popula\u00e7\u00f5es bacterianas e nas subst\u00e2ncias que estas produzem. Entre as mudan\u00e7as verificadas, foram detetados padr\u00f5es associados \u00e0 depress\u00e3o e ao cancro colorretal.<\/p>\n<p data-remotead-prev-elm=\"true\" data-remotead-elm-id=\"inread\">&#8220;Embora ainda seja cedo para tirarmos conclus\u00f5es definitivas sobre a sa\u00fade, sabemos que o microbioma \u00e9 central para v\u00e1rios aspetos do bem-estar, desde a digest\u00e3o at\u00e9 \u00e0 sa\u00fade mental&#8221;, afirmou Pacher-Deutsch, citado pelo &#8220;The Guardian&#8221;, ap\u00f3s apresentar o estudo, na confer\u00eancia United European Gastroenterology, em Berlim. Para o investigador, reduzir a exposi\u00e7\u00e3o aos micropl\u00e1sticos &#8220;sempre que poss\u00edvel&#8221; \u00e9 uma medida prudente.<\/p>\n<p>Os micropl\u00e1sticos t\u00eam origem em objetos do quotidiano como embalagens, roupa, tintas, cosm\u00e9ticos ou pneus. Muitos s\u00e3o t\u00e3o pequenos que conseguem atravessar os revestimentos pulmonares e intestinais, e chegar \u00e0 corrente sangu\u00ednea e aos \u00f3rg\u00e3os.<\/p>\n<p>Impacto no c\u00e9rebro<\/p>\n<p data-remotead-prev-elm=\"true\" data-remotead-elm-id=\"centro1\">O estudo em causa \u00e9 um dos que o jornal brit\u00e2nico &#8220;The Guardian&#8221; citou num trabalho extenso sobre os malef\u00edcios dos micropl\u00e1sticos, que n\u00e3o se ficar\u00e3o apenas pelos impactos intestinais.<\/p>\n<p>Em 2023, a neurologista Jaime Ross, da Universidade de Rhode Island, iniciou experi\u00eancias para perceber o efeito destas part\u00edculas no c\u00e9rebro de mam\u00edferos. Em testes com ratos que ingeriram \u00e1gua contaminada com micropl\u00e1sticos, os animais come\u00e7aram a comportar-se de forma at\u00edpica. Ratos colocados em caixas iluminadas costumam manter-se encostados \u00e0s paredes, mas os expostos \u00e0s part\u00edculas mostravam agita\u00e7\u00e3o e aventuravam-se pelo espa\u00e7o, num comportamento semelhante ao observado em animais idosos ou com doen\u00e7as neurol\u00f3gicas.<\/p>\n<blockquote data-type=\"articles\" data-id=\"related-article-17769830\"><p>\n              <strong>Leia tamb\u00e9m <\/strong><br \/>\n              <a href=\"https:\/\/www.jn.pt\/mundo\/artigo\/rios-europeus-contaminados-com-nivel-alarmante-de-microplasticos\/17769830\" rel=\"nofollow noopener\" target=\"_blank\">Rios europeus contaminados com n\u00edvel &#8220;alarmante&#8221; de micropl\u00e1sticos<\/a>\n            <\/p><\/blockquote>\n<p>Ap\u00f3s a disseca\u00e7\u00e3o, foram encontrados micropl\u00e1sticos em todos os \u00f3rg\u00e3os, incluindo o c\u00e9rebro. Nessa regi\u00e3o, verificou-se a redu\u00e7\u00e3o da prote\u00edna GFAP, essencial para a sa\u00fade cerebral e associada a quadros de dem\u00eancia e depress\u00e3o.<\/p>\n<p data-remotead-prev-elm=\"true\" data-remotead-elm-id=\"centro3\">Desde ent\u00e3o, investiga\u00e7\u00f5es em seres humanos detetaram micropl\u00e1sticos no c\u00e9rebro de pessoas com dem\u00eancia e em placas arteriais de pacientes com doen\u00e7as cardiovasculares. Aqueles cujas art\u00e9rias apresentavam maior concentra\u00e7\u00e3o de part\u00edculas tinham quase cinco vezes mais probabilidade de sofrer um ataque card\u00edaco ou de morrer num per\u00edodo de tr\u00eas anos.<\/p>\n<p>Apesar da recente bibliografia sobre o tema, os especialistas alertam para limita\u00e7\u00f5es metodol\u00f3gicas das pesquisas. Os estudos recorrem a t\u00e9cnicas muito distintas, o que dificulta a compara\u00e7\u00e3o dos resultados. Alguns m\u00e9todos, incluindo os usados para medir micropl\u00e1sticos em doentes com dem\u00eancia ou problemas card\u00edacos, podem ser afetados por interfer\u00eancias do tecido biol\u00f3gico. Por isso, os dados ainda n\u00e3o permitem tirar conclus\u00f5es s\u00f3lidas e devem ser interpretados com prud\u00eancia, alerta a comunidade cient\u00edfica. &#8220;Os pl\u00e1sticos s\u00e3o muito variados. Existem m\u00faltiplos tipos e formatos que podem influenciar os efeitos negativos&#8221;, observa Vahitha Abdul Salam, da Universidade Queen Mary de Londres.<\/p>\n<p>Evitar utens\u00edlios de pl\u00e1stico na cozinha<\/p>\n<p data-remotead-prev-elm=\"true\" data-remotead-elm-id=\"centro4\">Embora seja imposs\u00edvel eliminar totalmente o contacto com micropl\u00e1sticos, h\u00e1 formas de reduzir a exposi\u00e7\u00e3o. Entre as recomenda\u00e7\u00f5es est\u00e3o evitar utens\u00edlios de pl\u00e1stico ao cozinhar, n\u00e3o colocar bebidas ou alimentos quentes em recipientes de pl\u00e1stico e verificar nos r\u00f3tulos de cosm\u00e9ticos e produtos de higiene ingredientes como polietileno, polipropileno ou acrilatos.<\/p>\n<p>H\u00e1, no entanto, um dado encorajador. Mesmo que os n\u00edveis de micropl\u00e1sticos estejam a aumentar no corpo humano, as pessoas mais velhas n\u00e3o parecem acumular quantidades superiores. &#8220;Considero isto uma boa not\u00edcia, porque sugere que o nosso corpo pode conseguir elimin\u00e1-los&#8221;, explicou Jaime Ross ao &#8220;The Guardian&#8221;. Descobrir formas de acelerar esse poss\u00edvel processo natural ser\u00e1 uma prioridade para futuras investiga\u00e7\u00f5es.<\/p>\n","protected":false},"excerpt":{"rendered":"Um estudo de cientistas austr\u00edacos, apresentado recentemente numa confer\u00eancia sobre gastroenterologia, aponta que as part\u00edculas de micropl\u00e1sticos prejudicam&hellip;\n","protected":false},"author":2,"featured_media":110030,"comment_status":"","ping_status":"","sticky":false,"template":"","format":"standard","meta":{"footnotes":""},"categories":[86],"tags":[964,116,5630,32,33,117],"class_list":{"0":"post-110029","1":"post","2":"type-post","3":"status-publish","4":"format-standard","5":"has-post-thumbnail","7":"category-saude","8":"tag-ambiente","9":"tag-health","10":"tag-microplasticos","11":"tag-portugal","12":"tag-pt","13":"tag-saude"},"share_on_mastodon":{"url":"","error":""},"_links":{"self":[{"href":"https:\/\/www.europesays.com\/pt\/wp-json\/wp\/v2\/posts\/110029","targetHints":{"allow":["GET"]}}],"collection":[{"href":"https:\/\/www.europesays.com\/pt\/wp-json\/wp\/v2\/posts"}],"about":[{"href":"https:\/\/www.europesays.com\/pt\/wp-json\/wp\/v2\/types\/post"}],"author":[{"embeddable":true,"href":"https:\/\/www.europesays.com\/pt\/wp-json\/wp\/v2\/users\/2"}],"replies":[{"embeddable":true,"href":"https:\/\/www.europesays.com\/pt\/wp-json\/wp\/v2\/comments?post=110029"}],"version-history":[{"count":0,"href":"https:\/\/www.europesays.com\/pt\/wp-json\/wp\/v2\/posts\/110029\/revisions"}],"wp:featuredmedia":[{"embeddable":true,"href":"https:\/\/www.europesays.com\/pt\/wp-json\/wp\/v2\/media\/110030"}],"wp:attachment":[{"href":"https:\/\/www.europesays.com\/pt\/wp-json\/wp\/v2\/media?parent=110029"}],"wp:term":[{"taxonomy":"category","embeddable":true,"href":"https:\/\/www.europesays.com\/pt\/wp-json\/wp\/v2\/categories?post=110029"},{"taxonomy":"post_tag","embeddable":true,"href":"https:\/\/www.europesays.com\/pt\/wp-json\/wp\/v2\/tags?post=110029"}],"curies":[{"name":"wp","href":"https:\/\/api.w.org\/{rel}","templated":true}]}}