{"id":110033,"date":"2025-10-14T05:09:15","date_gmt":"2025-10-14T05:09:15","guid":{"rendered":"https:\/\/www.europesays.com\/pt\/110033\/"},"modified":"2025-10-14T05:09:15","modified_gmt":"2025-10-14T05:09:15","slug":"joao-moura-caetano-casamento-com-luiza-abreu-sofre-reves-ha-aqui-algumas-situacoes-por-resolver","status":"publish","type":"post","link":"https:\/\/www.europesays.com\/pt\/110033\/","title":{"rendered":"Jo\u00e3o Moura Caetano &#8211; Casamento com Lu\u00edza Abreu sofre rev\u00e9s: \u201cH\u00e1 aqui algumas situa\u00e7\u00f5es por resolver\u201d"},"content":{"rendered":"<p><strong>Jo\u00e3o Moura Caetano<\/strong> est\u00e1 de f\u00e9rias. Recentemente, o toureiro publicou um v\u00eddeo na sua conta de Instagram a falar sobre o fim da sua temporada profissional e aproveitou para agradecer todo o apoio \u00e0 sua fam\u00edlia, aos companheiros de trabalho e, claro, \u00e0 sua noiva.<\/p>\n<p><strong>\u201cO cavaleiro est\u00e1 agora de f\u00e9rias e tem tempo para tratar do casamento\u201d<\/strong>, come\u00e7ou por comunicar <strong>\u00c1gata Rodrigues<\/strong> no <strong>Tarde das Estrelas<\/strong>. Contudo, aconteceu um imprevisto.<\/p>\n<blockquote>\n<p>Leia ainda: Jo\u00e3o Moura Caetano <a href=\"https:\/\/www.novagente.pt\/joao-moura-caetano-quebra-silencio-sobre-pedido-de-casamento-luciana-abreu\" rel=\"nofollow noopener\" target=\"_blank\">quebra o sil\u00eancio sobre pedido de casamento a Luciana Abreu<\/a><\/p>\n<\/blockquote>\n<p><strong>\u201cSabemos que a data prevista do casamento era para este m\u00eas, mas foi adiada\u201d<\/strong>, revelou. E acrescentou: \u201cOs noivos partilharam nas suas redes sociais imagens na sua quinta no Alentejo, em Estremoz, e at\u00e9 o filho do cavaleiro se mostra por l\u00e1. Quem nunca est\u00e1 por perto de Lu\u00edza \u00e9 a m\u00e3e e o pai de Jo\u00e3o Moura Caetano\u201d.<\/p>\n<p>Do ponto de vista de <strong>Ana Barbosa<\/strong>, a cerim\u00f3nia pode nunca vir a acontecer: \u201cIsto \u00e9 aquele, sexto, s\u00e9timo, oitavo sentido de mulher\u2026 <strong>Eu sinto mesmo que n\u00e3o vai haver casamento (\u2026) Porque n\u00e3o existe uma liga\u00e7\u00e3o entre os pais e a Lu\u00edza\u201d<\/strong>.<\/p>\n<p><strong>Z\u00e9 Gouveia<\/strong> n\u00e3o concorda com a comentadora, mas coloca uma hip\u00f3tese para o adiamento do evento: \u201c<strong>Eu acho que h\u00e1 aqui algumas situa\u00e7\u00f5es por resolver, eles est\u00e3o a namorar h\u00e1 pouco tempo, parece-me a mim que o Jo\u00e3o precisa de mais tempo para amadurecer a ideia. Em 2046 a coisa d\u00e1-se\u201d<\/strong>.<\/p>\n<p>Texto: Carolina Charrua; Fotos: Redes sociais e Impala<\/p>\n<p class=\"intagram-text\">Siga a Nova Gente no Instagram<\/p>\n<p>                        <a href=\"https:\/\/www.instagram.com\/revistanovagente\/\" target=\"_blank\" aria-label=\"instagram\" rel=\"noopener nofollow\"><img decoding=\"async\" style=\"display: block; margin-left: auto; margin-right: auto; width: 250px; height: 83px;\" src=\"https:\/\/www.europesays.com\/pt\/wp-content\/uploads\/2025\/09\/Instagram_NG.png\" alt=\"instagram\"\/><\/a><br \/>\n                    <script async src=\"\/\/www.instagram.com\/embed.js\"><\/script><\/p>\n","protected":false},"excerpt":{"rendered":"Jo\u00e3o Moura Caetano est\u00e1 de f\u00e9rias. Recentemente, o toureiro publicou um v\u00eddeo na sua conta de Instagram a&hellip;\n","protected":false},"author":2,"featured_media":110034,"comment_status":"","ping_status":"","sticky":false,"template":"","format":"standard","meta":{"footnotes":""},"categories":[145],"tags":[1435,211,210,9402,114,115,1402,841,32,33,26164],"class_list":{"0":"post-110033","1":"post","2":"type-post","3":"status-publish","4":"format-standard","5":"has-post-thumbnail","7":"category-celebridades","8":"tag-casamento","9":"tag-celebridades","10":"tag-celebrities","11":"tag-cmtv","12":"tag-entertainment","13":"tag-entretenimento","14":"tag-joao-moura-caetano","15":"tag-luiza-abreu","16":"tag-portugal","17":"tag-pt","18":"tag-tarde-das-estrelas"},"share_on_mastodon":{"url":"","error":""},"_links":{"self":[{"href":"https:\/\/www.europesays.com\/pt\/wp-json\/wp\/v2\/posts\/110033","targetHints":{"allow":["GET"]}}],"collection":[{"href":"https:\/\/www.europesays.com\/pt\/wp-json\/wp\/v2\/posts"}],"about":[{"href":"https:\/\/www.europesays.com\/pt\/wp-json\/wp\/v2\/types\/post"}],"author":[{"embeddable":true,"href":"https:\/\/www.europesays.com\/pt\/wp-json\/wp\/v2\/users\/2"}],"replies":[{"embeddable":true,"href":"https:\/\/www.europesays.com\/pt\/wp-json\/wp\/v2\/comments?post=110033"}],"version-history":[{"count":0,"href":"https:\/\/www.europesays.com\/pt\/wp-json\/wp\/v2\/posts\/110033\/revisions"}],"wp:featuredmedia":[{"embeddable":true,"href":"https:\/\/www.europesays.com\/pt\/wp-json\/wp\/v2\/media\/110034"}],"wp:attachment":[{"href":"https:\/\/www.europesays.com\/pt\/wp-json\/wp\/v2\/media?parent=110033"}],"wp:term":[{"taxonomy":"category","embeddable":true,"href":"https:\/\/www.europesays.com\/pt\/wp-json\/wp\/v2\/categories?post=110033"},{"taxonomy":"post_tag","embeddable":true,"href":"https:\/\/www.europesays.com\/pt\/wp-json\/wp\/v2\/tags?post=110033"}],"curies":[{"name":"wp","href":"https:\/\/api.w.org\/{rel}","templated":true}]}}