{"id":110037,"date":"2025-10-14T05:15:13","date_gmt":"2025-10-14T05:15:13","guid":{"rendered":"https:\/\/www.europesays.com\/pt\/110037\/"},"modified":"2025-10-14T05:15:13","modified_gmt":"2025-10-14T05:15:13","slug":"luis-suarez-passei-por-uma-depressao-nao-queria-levantar-me-da-cama","status":"publish","type":"post","link":"https:\/\/www.europesays.com\/pt\/110037\/","title":{"rendered":"Luis Su\u00e1rez: \u00abPassei por uma depress\u00e3o, n\u00e3o queria levantar-me da cama\u00bb"},"content":{"rendered":"<p>A viver uma fase positiva de carreira ao ingressar no Sporting e tamb\u00e9m com o regresso e afirma\u00e7\u00e3o na sele\u00e7\u00e3o da Col\u00f4mbia, o avan\u00e7ado Luis Su\u00e1rez garantiu estar, nesta altura, \u00abnum ponto de matura\u00e7\u00e3o diferente\u00bb na carreira e a cumprir a promessa feita ao av\u00f4 de um dia \u00abjogar com a camisola da sele\u00e7\u00e3o\u00bb, depois de, nomeadamente, ter tido uma passagem pouco conseguida no Marselha e de uma grave les\u00e3o no Almer\u00eda, em 2023, fase em que teve uma \u00abdepress\u00e3o\u00bb.<\/p>\n<p>\u00abHoje desfruto mais do jogo. Entendi que o futebol n\u00e3o \u00e9 s\u00f3 correr ou fazer golos, mas tamb\u00e9m desfrutar do que se faz. Aprendi muito isso quando estive lesionado no Granada e senti que podia perder tudo\u00bb, afirmou, em entrevista ao El Espectador, no fim de semana, \u00e0 margem da concentra\u00e7\u00e3o da sele\u00e7\u00e3o da Col\u00f4mbia.<\/p>\n<p>\u00abPassei por uma depress\u00e3o da qual sai aos poucos, com trabalho, com psic\u00f3logos e com as minhas pessoas pr\u00f3ximas. Foi a primeira vez que me aconteceu, eu n\u00e3o queria levantar-me da cama. Sem essa les\u00e3o, talvez n\u00e3o tivesse tocado t\u00e3o fundo, porque o dia a dia leva-te. Serviu para redirecionar a minha capacidade mental\u00bb, disse, ainda, Luis Su\u00e1rez, que fraturou o per\u00f3nio esquerdo a 1 de outubro de 2023, ante um antigo clube, o Granada, num jogo em que fez hat-trick. Inicialmente fez tratamento conservador, em janeiro de 2024 ainda jogou contra Girona e Real Madrid alguns minutos, mas n\u00e3o estava totalmente recuperado e foi operado a 31 de janeiro, voltando apenas aos relvados em definitivo em maio, a fechar a \u00e9poca 2023\/24.<\/p>\n<p>\u00abEstou num ponto de matura\u00e7\u00e3o diferente. Antes talvez n\u00e3o estivesse no ponto ideal, mas agora encontrei a plenitude de confian\u00e7a, de conhecer-me fisicamente, de saber quais s\u00e3o os meus pontos fortes e estou a aproveitar ao m\u00e1ximo\u00bb, reconheceu.<\/p>\n<p> A sele\u00e7\u00e3o e o trajeto at\u00e9 ao Sporting: \u00ab\u00c0s vezes parece um filme\u2026\u00bb <\/p>\n<p>Su\u00e1rez tem sete internacionaliza\u00e7\u00f5es e quatro golos pela sele\u00e7\u00e3o. Antes de chegar ao Sporting, tinha cinco e nenhum golo. Estreou-se em 2020 e voltou em 2022, mas foram tr\u00eas anos de aus\u00eancia at\u00e9 voltar em junho \u00faltimo, sendo suplente utilizado na qualifica\u00e7\u00e3o para o Mundial 2026, ante Peru. J\u00e1 em setembro, foi titular e brilhou com um p\u00f3quer ante a Venezuela, fazendo os seus primeiros golos pela sele\u00e7\u00e3o.<\/p>\n<p>\u00abQuando chegou a possibilidade de estrear-me na sele\u00e7\u00e3o foi algo enorme para mim. Significava estar com os meus \u00eddolos, os que eu vi crescer a apurarem-se para Mundiais. Mas, sendo sincero, n\u00e3o aproveitei essa oportunidade. N\u00e3o estava preparado mentalmente para assumir a responsabilidade. Tinha vontade, mas n\u00e3o a maturidade. Hoje, sou outro, com a cabe\u00e7a mais no s\u00edtio. Trabalhei e continuo a trabalhar para ter a oportunidade. E o bonito \u00e9 que est\u00e1 a acontecer comigo\u00bb, recordou, sobre as primeiras chamadas \u00e0 Col\u00f4mbia.<\/p>\n<p>\u00abNunca coloquei um limite porque n\u00e3o sabia at\u00e9 onde poderia chegar. Vim de baixo, trabalhei muito e isso levou-me a fazer o que estou a fazer. \u00c9 muito complicado e por vezes parece que vives num filme. Quando come\u00e7as, n\u00e3o sabes onde e como vais chegar. A \u00fanica coisa que podes fazer \u00e9 continuar a trabalhar\u00bb, partilhou, ainda.<\/p>\n<p>O atacante dos le\u00f5es foi dos \u00faltimos a sair das escolas de futebol em Santa Marta para formar-se como profissional, viu outros colegas darem o salto mais cedo, mas diz que n\u00e3o perdeu \u00aba f\u00e9\u00bb. \u00abContinuei a trabalhar, fiz 26 ou 27 golos num torneio nacional e antes de sermos eliminados um treinador viu-me e convidou-me para um torneio em Cali. Fiz cinco jogos e conseguiram-me uns testes no Cruzeiro, no Brasil. Passei os testes e estive l\u00e1 um m\u00eas. Nessa altura o mesmo professor fez-me uma oferta para ir \u00e0 Europa fazer testes\u00bb, conta. Por\u00e9m, por ser ainda menor de idade, teve de esperar algum tempo.<\/p>\n<p>\u00abEstive um ano entre os sub-20 e a equipa principal do Leones e quando fiz 18 anos fui para It\u00e1lia. Cheguei \u00e0 Sampdoria e logo, gra\u00e7as \u00e0 gest\u00e3o do professor, os olheiros da Udinese testaram-me. Fiz dois jogos e marquei tr\u00eas golos. Tudo estava a correr bem, mas por causa das vagas para estrangeiros emprestaram-me um ano e meio. Cheguei a Espanha, aos juniores do Granada e passei logo para a equipa secund\u00e1ria. A\u00ed, chegou o Watford, de Inglaterra, que nessa altura j\u00e1 tinha rela\u00e7\u00e3o com o Granada e comprou 50 por cento do meu passe. Mas n\u00e3o joguei l\u00e1. Fui cedido ao Valladolid B, depois ao N\u00e1stic, Sarago\u00e7a, voltei ao Granada e dei o salto para a primeira liga. A minha carreira foi sempre desde baixo, a lutar e trabalhar\u00bb, lembra, falando ainda da passagem menos conseguida em Marselha\u2026 que deu para aprender.<\/p>\n<p>\u00abN\u00e3o estava preparado psicologicamente para sair da minha zona de conforto. Paguei a fatura disso e voltei. Hoje, vejo esse passo como algo positivo: se n\u00e3o tivesse vivido esses momentos dif\u00edceis, n\u00e3o seria o jogador que sou hoje\u00bb, garante.<\/p>\n<p> Ainda os testemunhos dos av\u00f3s: \u00abFui repreendido no trabalho\u00bb <\/p>\n<p>Su\u00e1rez mostra-se muito grato ao av\u00f4 V\u00edctor e \u00e0 av\u00f3 Elena, que o acompanhavam ainda muito pequeno para todo o lado. Das ruas em Santa Marta aos torneios entre escolas.<\/p>\n<p>\u00abFui repreendido no trabalho porque ia com ele jogar futebol para todo o lado. E eu sentia-me orgulhoso dele. Hoje, com 84 anos, continuo orgulhoso do meu neto\u00bb, diz V\u00edctor. \u00abTinha seis anos quando come\u00e7ou a ver-se o talento. Quando jogava entre escolas, eu pedia autoriza\u00e7\u00e3o no trabalho para ir v\u00ea-lo. Ele entrava, pegava na bola e toda a gente o ovacionava. Quando fazia golo era a loucura\u00bb, testemunha Elena.<\/p>\n","protected":false},"excerpt":{"rendered":"A viver uma fase positiva de carreira ao ingressar no Sporting e tamb\u00e9m com o regresso e afirma\u00e7\u00e3o&hellip;\n","protected":false},"author":2,"featured_media":93313,"comment_status":"","ping_status":"","sticky":false,"template":"","format":"standard","meta":{"footnotes":""},"categories":[87],"tags":[37,8292,135,26166,39,26165,46,32,33,47,34,134],"class_list":{"0":"post-110037","1":"post","2":"type-post","3":"status-publish","4":"format-standard","5":"has-post-thumbnail","7":"category-desporto","8":"tag-almeria","9":"tag-colombia","10":"tag-desporto","11":"tag-entrevista-luis-suarez","12":"tag-luis-suarez","13":"tag-luis-suarez-sporting","14":"tag-maisfutebol","15":"tag-portugal","16":"tag-pt","17":"tag-pura-paixao","18":"tag-sporting","19":"tag-sports"},"share_on_mastodon":{"url":"","error":""},"_links":{"self":[{"href":"https:\/\/www.europesays.com\/pt\/wp-json\/wp\/v2\/posts\/110037","targetHints":{"allow":["GET"]}}],"collection":[{"href":"https:\/\/www.europesays.com\/pt\/wp-json\/wp\/v2\/posts"}],"about":[{"href":"https:\/\/www.europesays.com\/pt\/wp-json\/wp\/v2\/types\/post"}],"author":[{"embeddable":true,"href":"https:\/\/www.europesays.com\/pt\/wp-json\/wp\/v2\/users\/2"}],"replies":[{"embeddable":true,"href":"https:\/\/www.europesays.com\/pt\/wp-json\/wp\/v2\/comments?post=110037"}],"version-history":[{"count":0,"href":"https:\/\/www.europesays.com\/pt\/wp-json\/wp\/v2\/posts\/110037\/revisions"}],"wp:featuredmedia":[{"embeddable":true,"href":"https:\/\/www.europesays.com\/pt\/wp-json\/wp\/v2\/media\/93313"}],"wp:attachment":[{"href":"https:\/\/www.europesays.com\/pt\/wp-json\/wp\/v2\/media?parent=110037"}],"wp:term":[{"taxonomy":"category","embeddable":true,"href":"https:\/\/www.europesays.com\/pt\/wp-json\/wp\/v2\/categories?post=110037"},{"taxonomy":"post_tag","embeddable":true,"href":"https:\/\/www.europesays.com\/pt\/wp-json\/wp\/v2\/tags?post=110037"}],"curies":[{"name":"wp","href":"https:\/\/api.w.org\/{rel}","templated":true}]}}