{"id":110040,"date":"2025-10-14T05:23:18","date_gmt":"2025-10-14T05:23:18","guid":{"rendered":"https:\/\/www.europesays.com\/pt\/110040\/"},"modified":"2025-10-14T05:23:18","modified_gmt":"2025-10-14T05:23:18","slug":"maria-henrique-apos-comentarios-a-joana-marques-arrasada-por-rosto-da-sic-aconselho-a-ver-se-ao-espelho","status":"publish","type":"post","link":"https:\/\/www.europesays.com\/pt\/110040\/","title":{"rendered":"Maria Henrique &#8211; Ap\u00f3s coment\u00e1rios a Joana Marques, \u2018arrasada\u2019 por rosto da SIC: \u201cAconselho a ver-se ao espelho\u201d"},"content":{"rendered":"<p><strong>Maria Henrique<\/strong> n\u00e3o ficou indiferente aos coment\u00e1rios feitos \u00e0 sua pessoa na rubrica Extremamente Desagrad\u00e1vel, da <strong>R\u00e1dio Renascen\u00e7a<\/strong>, e acabou mesmo por <a href=\"https:\/\/www.novagente.pt\/maria-henrique-arrasa-joana-marques-pequenina-sem-pescoco\" rel=\"nofollow noopener\" target=\"_blank\">deixar cr\u00edticas<\/a> a<strong> Joana Marques.<\/strong><\/p>\n<p><strong>\u201cAquela que dizem que tem um marido mas que parece que \u00e9 filha dele porque n\u00e3o tem pesco\u00e7o\u201d<\/strong>, descreveu Maria Henrique a humorista.<\/p>\n<p>Este tema foi comentado no <strong>Passadeira Vermelha<\/strong>, da <strong>SIC<\/strong>, e <strong>Sara Norte<\/strong> n\u00e3o achou piada \u00e0 resposta da atriz.<\/p>\n<blockquote>\n<p><strong>Leia tamb\u00e9m: Maria Henrique &#8211; <\/strong><a href=\"https:\/\/www.novagente.pt\/maria-henrique-atriz-que-virou-fotografa-de-partos-nao-foi-ideia-minha\" rel=\"nofollow noopener\" target=\"_blank\">A atriz que virou&#8230; fot\u00f3grafa de partos! &#8220;N\u00e3o foi ideia minha&#8221;<\/a><\/p>\n<\/blockquote>\n<p><strong>\u201cEu, realmente, pensava que a Maria Henrique era uma pessoa um bocadinho mais desenvolvida intelectualmente porque algu\u00e9m que ataca outra como resposta a um \u2018Extremamente Desagrad\u00e1vel\u2019 em que n\u00e3o se falou nada do aspeto f\u00edsico, \u00e9 uma pessoa realmente b\u00e1sica, que n\u00e3o tem qualquer tipo de argumenta\u00e7\u00e3o, e que vai pelo mais f\u00e1cil, pelo mais burros, pelo mais nojento\u201d<\/strong>, come\u00e7ou por dar a sua opini\u00e3o.<\/p>\n<p>\u201cQuando se ataca a outra pessoa pelo aspeto f\u00edsico, acho muito feio, n\u00e3o estava \u00e0 espera disto da parte dela\u201d, explicou a raz\u00e3o da sua surpresa. E de seguida, lan\u00e7ou:<strong> \u201cAconselho a Maria Henrique a ver-se ao espelho, se calhar tamb\u00e9m lhe faz falta\u201d<\/strong>.<\/p>\n<p>\u00a0<\/p>\n<p>Texto: Carolina Charrua; Fotos: Redes sociais e Impala<\/p>\n<p class=\"intagram-text\">Siga a Nova Gente no Instagram<\/p>\n<p>                        <a href=\"https:\/\/www.instagram.com\/revistanovagente\/\" target=\"_blank\" aria-label=\"instagram\" rel=\"noopener nofollow\"><img decoding=\"async\" style=\"display: block; margin-left: auto; margin-right: auto; width: 250px; height: 83px;\" src=\"https:\/\/www.europesays.com\/pt\/wp-content\/uploads\/2025\/09\/Instagram_NG.png\" alt=\"instagram\"\/><\/a><br \/>\n                    <script async src=\"\/\/www.instagram.com\/embed.js\"><\/script><\/p>\n","protected":false},"excerpt":{"rendered":"Maria Henrique n\u00e3o ficou indiferente aos coment\u00e1rios feitos \u00e0 sua pessoa na rubrica Extremamente Desagrad\u00e1vel, da R\u00e1dio Renascen\u00e7a,&hellip;\n","protected":false},"author":2,"featured_media":110041,"comment_status":"","ping_status":"","sticky":false,"template":"","format":"standard","meta":{"footnotes":""},"categories":[145],"tags":[211,210,114,115,2876,25378,14758,32,33,18236,1751],"class_list":{"0":"post-110040","1":"post","2":"type-post","3":"status-publish","4":"format-standard","5":"has-post-thumbnail","7":"category-celebridades","8":"tag-celebridades","9":"tag-celebrities","10":"tag-entertainment","11":"tag-entretenimento","12":"tag-joana-marques","13":"tag-maria-henrique","14":"tag-passadeira-vermelha","15":"tag-portugal","16":"tag-pt","17":"tag-sara-norte","18":"tag-sic"},"share_on_mastodon":{"url":"","error":""},"_links":{"self":[{"href":"https:\/\/www.europesays.com\/pt\/wp-json\/wp\/v2\/posts\/110040","targetHints":{"allow":["GET"]}}],"collection":[{"href":"https:\/\/www.europesays.com\/pt\/wp-json\/wp\/v2\/posts"}],"about":[{"href":"https:\/\/www.europesays.com\/pt\/wp-json\/wp\/v2\/types\/post"}],"author":[{"embeddable":true,"href":"https:\/\/www.europesays.com\/pt\/wp-json\/wp\/v2\/users\/2"}],"replies":[{"embeddable":true,"href":"https:\/\/www.europesays.com\/pt\/wp-json\/wp\/v2\/comments?post=110040"}],"version-history":[{"count":0,"href":"https:\/\/www.europesays.com\/pt\/wp-json\/wp\/v2\/posts\/110040\/revisions"}],"wp:featuredmedia":[{"embeddable":true,"href":"https:\/\/www.europesays.com\/pt\/wp-json\/wp\/v2\/media\/110041"}],"wp:attachment":[{"href":"https:\/\/www.europesays.com\/pt\/wp-json\/wp\/v2\/media?parent=110040"}],"wp:term":[{"taxonomy":"category","embeddable":true,"href":"https:\/\/www.europesays.com\/pt\/wp-json\/wp\/v2\/categories?post=110040"},{"taxonomy":"post_tag","embeddable":true,"href":"https:\/\/www.europesays.com\/pt\/wp-json\/wp\/v2\/tags?post=110040"}],"curies":[{"name":"wp","href":"https:\/\/api.w.org\/{rel}","templated":true}]}}