{"id":110042,"date":"2025-10-14T05:26:09","date_gmt":"2025-10-14T05:26:09","guid":{"rendered":"https:\/\/www.europesays.com\/pt\/110042\/"},"modified":"2025-10-14T05:26:09","modified_gmt":"2025-10-14T05:26:09","slug":"escondidos-de-todos-marisa-e-pedro-jorge-dao-beijo-em-quarto-de-secret-story","status":"publish","type":"post","link":"https:\/\/www.europesays.com\/pt\/110042\/","title":{"rendered":"Escondidos de todos! Marisa e Pedro Jorge d\u00e3o beijo em quarto de &#8220;Secret Story&#8221;"},"content":{"rendered":"<p>N\u00e3o h\u00e1 ex-concorrente da nona edi\u00e7\u00e3o de &#8220;Secret Story &#8211; Casa dos Segredos&#8221; que n\u00e3o fique surpreendido ao descobrir que <a href=\"https:\/\/selfie.iol.pt\/famosos\/casa-dos-segredos-9\/secret-story-revelado-o-que-fabio-disse-a-marisa-apos-a-polemica-com-ovo-achas-que-exagerei\/20251010\/68e977dad34e58bc6796c518\" target=\"_blank\" rel=\"nofollow noopener\">Marisa Pires<\/a> e Pedro Jorge s\u00e3o um casal. Os participantes do reality show da <a href=\"https:\/\/tvi.iol.pt\/\" target=\"_blank\" rel=\"nofollow noopener\">TVI<\/a> parecem estar a guardar esta liga\u00e7\u00e3o na perfei\u00e7\u00e3o mas, na madrugada deste domingo, dia 13, correram o risco de serem descobertos.<\/p>\n<p>Ap\u00f3s a quinta gala de &#8220;Secret Story &#8211; Casa dos Segredos&#8221;, <a href=\"https:\/\/selfie.iol.pt\/famosos\/casa-dos-segredos-9\/secret-story-marisa-nao-sabe-mas-tem-motivo-para-celebrar-viagem-cheia-de-sorrisos\/20251013\/68ed1eeed34e58bc6796d860\" target=\"_blank\" rel=\"nofollow noopener\">Marisa Pires<\/a> e Pedro Jorge ficaram sozinhos num dos quartos da mans\u00e3o da Malveira. Ela foi \u00e0\u00a0porta ver se algu\u00e9m estava a caminho daquela divis\u00e3o da casa e, assim que viu que o caminho estava livre, foi a correr ao encontro do marido, dando-lhe um beijo na boca.<\/p>\n<p>O jovem mostrou-se surpreendido com o momento, mas fingiu que nada tinha acontecido. E os dois rapidamente deixaram o quarto, evitando, assim, que os advers\u00e1rios os vissem juntos.<\/p>\n<p>Veja, agora, o v\u00eddeo do referido momento em &#8220;<a href=\"https:\/\/tvi.iol.pt\/secretstory\/\" target=\"_blank\" rel=\"nofollow noopener\">Secret Story<\/a> &#8211; Casa dos Segredos&#8221;, divulgado no programa &#8220;\u00daltima Hora&#8221;, apresentado por Nuno Eir\u00f3.<\/p>\n","protected":false},"excerpt":{"rendered":"N\u00e3o h\u00e1 ex-concorrente da nona edi\u00e7\u00e3o de &#8220;Secret Story &#8211; Casa dos Segredos&#8221; que n\u00e3o fique surpreendido ao&hellip;\n","protected":false},"author":2,"featured_media":101900,"comment_status":"","ping_status":"","sticky":false,"template":"","format":"standard","meta":{"footnotes":""},"categories":[142],"tags":[2632,13471,114,115,980,19184,21766,619,6335,14646,21416,32,33,1014,1315,6985,16687,16686,1012,6986,16688,151,162,2512],"class_list":{"0":"post-110042","1":"post","2":"type-post","3":"status-publish","4":"format-standard","5":"has-post-thumbnail","7":"category-tv","8":"tag-casa-dos-segredos","9":"tag-casa-dos-segredos-9","10":"tag-entertainment","11":"tag-entretenimento","12":"tag-famosos","13":"tag-marisa","14":"tag-marisa-pires","15":"tag-nacional","16":"tag-nuno-eiro","17":"tag-pedro","18":"tag-pedro-jorge","19":"tag-portugal","20":"tag-pt","21":"tag-reality-show","22":"tag-secret-story","23":"tag-secret-story-casa-dos-segredos","24":"tag-secret-story-casa-dos-segredos-9","25":"tag-secret-story-9","26":"tag-selfie","27":"tag-ss","28":"tag-ss9","29":"tag-tv","30":"tag-tvi","31":"tag-ultima-hora"},"share_on_mastodon":{"url":"","error":""},"_links":{"self":[{"href":"https:\/\/www.europesays.com\/pt\/wp-json\/wp\/v2\/posts\/110042","targetHints":{"allow":["GET"]}}],"collection":[{"href":"https:\/\/www.europesays.com\/pt\/wp-json\/wp\/v2\/posts"}],"about":[{"href":"https:\/\/www.europesays.com\/pt\/wp-json\/wp\/v2\/types\/post"}],"author":[{"embeddable":true,"href":"https:\/\/www.europesays.com\/pt\/wp-json\/wp\/v2\/users\/2"}],"replies":[{"embeddable":true,"href":"https:\/\/www.europesays.com\/pt\/wp-json\/wp\/v2\/comments?post=110042"}],"version-history":[{"count":0,"href":"https:\/\/www.europesays.com\/pt\/wp-json\/wp\/v2\/posts\/110042\/revisions"}],"wp:featuredmedia":[{"embeddable":true,"href":"https:\/\/www.europesays.com\/pt\/wp-json\/wp\/v2\/media\/101900"}],"wp:attachment":[{"href":"https:\/\/www.europesays.com\/pt\/wp-json\/wp\/v2\/media?parent=110042"}],"wp:term":[{"taxonomy":"category","embeddable":true,"href":"https:\/\/www.europesays.com\/pt\/wp-json\/wp\/v2\/categories?post=110042"},{"taxonomy":"post_tag","embeddable":true,"href":"https:\/\/www.europesays.com\/pt\/wp-json\/wp\/v2\/tags?post=110042"}],"curies":[{"name":"wp","href":"https:\/\/api.w.org\/{rel}","templated":true}]}}