{"id":110063,"date":"2025-10-14T06:12:12","date_gmt":"2025-10-14T06:12:12","guid":{"rendered":"https:\/\/www.europesays.com\/pt\/110063\/"},"modified":"2025-10-14T06:12:12","modified_gmt":"2025-10-14T06:12:12","slug":"mundial-2026-kosovo-choca-suecia-e-aproveita-nulo-da-suica","status":"publish","type":"post","link":"https:\/\/www.europesays.com\/pt\/110063\/","title":{"rendered":"Mundial 2026: Kosovo choca Su\u00e9cia e aproveita nulo da Su\u00ed\u00e7a"},"content":{"rendered":"<p style=\"margin-bottom:11px\">A Su\u00e9cia continua sem vencer na fase de qualifica\u00e7\u00e3o para o Mundial 2026, encaixando a terceira derrota consecutiva, desta feita na rece\u00e7\u00e3o ao Kosovo (1-0). Na ressaca do desaire caseira com a Su\u00ed\u00e7a (2-0), Gy\u00f6keres e Isak continuaram titulares na frente, mas de p\u00f3lvora seca, enquanto Lagerbielke (Sp. Braga) e Lindelof come\u00e7aram de princ\u00edpio na defesa.<\/p>\n<p>Num primeiro tempo com ascendente para os kosovares, o avan\u00e7ado Asllani aplicou o \u00fanico golo do encontro aos 32 minutos. O dom\u00ednio na etapa complementar foi insuficiente para os suecos operarem a reviravolta, precisando de um milagre para alcan\u00e7arem o play-off desta qualifica\u00e7\u00e3o.<\/p>\n<p>Uma vez que venceram o respetivo grupo da Liga das Na\u00e7\u00f5es, os n\u00f3rdicos est\u00e3o obrigados a vencer os dois jogos restantes, esperando que o Kosovo perca e termine com saldo de golos inferior. Para j\u00e1, a Su\u00e9cia regista -5, enquanto os kosovares levam -1.<\/p>\n<p>\u00a0<\/p>\n<blockquote class=\"twitter-tweet\" data-media-max-width=\"560\">\n<p lang=\"in\">Asllani a gelar Gotemburgo \ud83c\uddfd\ud83c\uddf0<a href=\"https:\/\/twitter.com\/hashtag\/sporttvportugal?src=hash&amp;ref_src=twsrc%5Etfw\" rel=\"nofollow noopener\" target=\"_blank\">#sporttvportugal<\/a> <a href=\"https:\/\/twitter.com\/hashtag\/QUALIFIERSnaSPORTTV?src=hash&amp;ref_src=twsrc%5Etfw\" rel=\"nofollow noopener\" target=\"_blank\">#QUALIFIERSnaSPORTTV<\/a> <a href=\"https:\/\/twitter.com\/hashtag\/Qualifica%C3%A7%C3%A3oMundial?src=hash&amp;ref_src=twsrc%5Etfw\" rel=\"nofollow noopener\" target=\"_blank\">#Qualifica\u00e7\u00e3oMundial<\/a> <a href=\"https:\/\/twitter.com\/hashtag\/Su%C3%A9cia?src=hash&amp;ref_src=twsrc%5Etfw\" rel=\"nofollow noopener\" target=\"_blank\">#Su\u00e9cia<\/a> <a href=\"https:\/\/twitter.com\/hashtag\/Kosovo?src=hash&amp;ref_src=twsrc%5Etfw\" rel=\"nofollow noopener\" target=\"_blank\">#Kosovo<\/a> <a href=\"https:\/\/t.co\/7FBdPFxpHR\" rel=\"nofollow\">pic.twitter.com\/7FBdPFxpHR<\/a><\/p>\n<p> \u2014 sport tv (@sporttvportugal)<br \/>\n  <a href=\"https:\/\/twitter.com\/sporttvportugal\/status\/1977822739974045714?ref_src=twsrc%5Etfw\" rel=\"nofollow noopener\" target=\"_blank\">October 13, 2025<\/a>\n <\/p><\/blockquote>\n<p>No outro duelo deste grupo, Eslov\u00e9nia e Su\u00ed\u00e7a empataram a zeros. Assim, os su\u00ed\u00e7os continuam no topo do Grupo B ao cabo de quatro rondas, com dez pontos, tr\u00eas de vantagem sobre o Kosovo. Seguem-se Eslov\u00e9nia \u2013 tr\u00eas pontos \u2013 e Su\u00e9cia, apenas com um ponto.<\/p>\n<p>Na quinta e pen\u00faltima ronda, a 15 de novembro, os l\u00edderes \u2013 ainda invictos \u2013 recebem a Su\u00e9cia, enquanto o Kosovo visita a Eslov\u00e9nia.<\/p>\n<p>                                <script async src=\"https:\/\/platform.twitter.com\/widgets.js\" charset=\"utf-8\"><\/script><\/p>\n","protected":false},"excerpt":{"rendered":"A Su\u00e9cia continua sem vencer na fase de qualifica\u00e7\u00e3o para o Mundial 2026, encaixando a terceira derrota consecutiva,&hellip;\n","protected":false},"author":2,"featured_media":110064,"comment_status":"","ping_status":"","sticky":false,"template":"","format":"standard","meta":{"footnotes":""},"categories":[87],"tags":[135,4947,44,82,17704,46,6027,12632,32,33,47,527,5434,5920,134,5928,5697],"class_list":{"0":"post-110063","1":"post","2":"type-post","3":"status-publish","4":"format-standard","5":"has-post-thumbnail","7":"category-desporto","8":"tag-desporto","9":"tag-eslovenia","10":"tag-gyokeres","11":"tag-internacional","12":"tag-kosovo","13":"tag-maisfutebol","14":"tag-mundial","15":"tag-mundial-2026","16":"tag-portugal","17":"tag-pt","18":"tag-pura-paixao","19":"tag-resultados","20":"tag-resultados-hoje","21":"tag-resultados-maisfutebol","22":"tag-sports","23":"tag-suecia","24":"tag-suica"},"share_on_mastodon":{"url":"","error":""},"_links":{"self":[{"href":"https:\/\/www.europesays.com\/pt\/wp-json\/wp\/v2\/posts\/110063","targetHints":{"allow":["GET"]}}],"collection":[{"href":"https:\/\/www.europesays.com\/pt\/wp-json\/wp\/v2\/posts"}],"about":[{"href":"https:\/\/www.europesays.com\/pt\/wp-json\/wp\/v2\/types\/post"}],"author":[{"embeddable":true,"href":"https:\/\/www.europesays.com\/pt\/wp-json\/wp\/v2\/users\/2"}],"replies":[{"embeddable":true,"href":"https:\/\/www.europesays.com\/pt\/wp-json\/wp\/v2\/comments?post=110063"}],"version-history":[{"count":0,"href":"https:\/\/www.europesays.com\/pt\/wp-json\/wp\/v2\/posts\/110063\/revisions"}],"wp:featuredmedia":[{"embeddable":true,"href":"https:\/\/www.europesays.com\/pt\/wp-json\/wp\/v2\/media\/110064"}],"wp:attachment":[{"href":"https:\/\/www.europesays.com\/pt\/wp-json\/wp\/v2\/media?parent=110063"}],"wp:term":[{"taxonomy":"category","embeddable":true,"href":"https:\/\/www.europesays.com\/pt\/wp-json\/wp\/v2\/categories?post=110063"},{"taxonomy":"post_tag","embeddable":true,"href":"https:\/\/www.europesays.com\/pt\/wp-json\/wp\/v2\/tags?post=110063"}],"curies":[{"name":"wp","href":"https:\/\/api.w.org\/{rel}","templated":true}]}}